{"id":282750,"date":"2015-02-06T12:40:27","date_gmt":"2015-02-06T11:40:27","guid":{"rendered":"http:\/\/www.ivg.it\/?p=282750"},"modified":"2015-02-06T19:07:51","modified_gmt":"2015-02-06T18:07:51","slug":"luci-led-garlenda-la-maggioranza-replica-procedure-rispettate-risparmio-da-subito","status":"publish","type":"post","link":"https:\/\/staging.ivg.it\/2015\/02\/luci-led-garlenda-la-maggioranza-replica-procedure-rispettate-risparmio-da-subito\/","title":{"rendered":"Luci a led a Garlenda, la maggioranza replica: &#8220;Procedure rispettate, risparmio da subito&#8221;"},"content":{"rendered":"<p><strong>Garlenda.<\/strong> &#8220;L&#8217;importante intervento di sostituzione di tutti i vetusti corpi illuminanti presenti sul territorio comunale con corpi illuminanti di ultima generazione a led rispetta, nella realt\u00e0, ogni requisito di legittimit\u00e0 procedurale&#8221;. Cos\u00ec il gruppo di maggioranza Collaborazione e Progresso Garlenda risponde alla minoranza, Uniti per Garlenda, che <a href=\"http:\/\/www.ivg.it\/2015\/02\/luce-al-led-garlenda-ma-la-minoranza-ci-vede-poco-chiaro\/\" target=\"_blank\">qualche giorno fa aveva criticato<\/a>, se non la scelta di passare per l&#8217;illuminazione pubblica ad un sistema a led, quantomeno le procedure.<\/p>\n<p>Il provvedimento, spiegano dall&#8217;amministrazione, &#8220;non modifica la struttura portante esistente dell&#8217;illuminazione pubblica del paese, e come tutti possono vedere le nuove lampade migliorano notevolmente i fasci luminosi. Tale procedura \u00e8 stata adottata con le medesime modalit\u00e0 da altri Comuni e non solo da Garlenda&#8221;.<\/p>\n<p>&#8220;Ad ogni buon conto, l&#8217;intervento \u00e8 stato approvato con delibera di Giunta &#8211; spiegano dal Comune &#8211; in quanto anche qualora le spese in oggetto volessero ritenersi come spese pluriennali, \u00e8 esclusa dalle competenze del Consiglio la somministrazione e fornitura di beni e servizi a carattere continuativo, come bene \u00e8 precisato nel Testo Unico delle leggi sull&#8217;ordinamento degli Enti Locali DL 267\/2000 art.42. L&#8217;immediata eseguibilit\u00e0 della delibera \u00e8 stata, poi, motivata dal fatto che la Giunta esigeva che i lavori iniziassero prima della fine dell&#8217;anno, per ottenerne al pi\u00f9 presto i benefici economici ed ambientali, come \u00e8 stato fatto&#8221;.<\/p>\n<p>&#8220;Importante precisare che il costo integrale dell&#8217;intervento si pagher\u00e0 interamente con il risparmio energetico &#8211; ricordano &#8211; e nessun esborso sar\u00e0 a carico dalle casse comunali che anzi beneficeranno da subito di minori costi. Bene hanno operato pertanto il sindaco e gli assessori nell&#8217;interesse della comunit\u00e0 e delle competenze del loro ruolo che ricoprono&#8221;.<\/p>\n","protected":false},"excerpt":{"rendered":"<p>Garlenda. &#8220;L&#8217;importante intervento di sostituzione di tutti i vetusti corpi illuminanti presenti sul territorio comunale con corpi illuminanti di ultima generazione a led rispetta, nella realt\u00e0, ogni requisito di legittimit\u00e0 procedurale&#8221;. Cos\u00ec il gruppo di maggioranza Collaborazione e Progresso Garlenda risponde alla minoranza, Uniti per Garlenda, che qualche giorno fa aveva criticato, se non la [&hellip;]<\/p>\n","protected":false},"author":10593,"featured_media":0,"comment_status":"open","ping_status":"closed","sticky":false,"template":"","format":"standard","meta":{"footnotes":""},"categories":[31],"tags":[85974,15253,1821],"class_list":["post-282750","post","type-post","status-publish","format-standard","hentry","category-politica","tag-garlenda","tag-illuminazione-pubblica","tag-uniti-per-garlenda","post_cat_citta-garlenda"],"amp_validity":null,"amp_enabled":true,"_links":{"self":[{"href":"https:\/\/staging.ivg.it\/ediapi\/wp\/v2\/posts\/282750","targetHints":{"allow":["GET"]}}],"collection":[{"href":"https:\/\/staging.ivg.it\/ediapi\/wp\/v2\/posts"}],"about":[{"href":"https:\/\/staging.ivg.it\/ediapi\/wp\/v2\/types\/post"}],"author":[{"embeddable":true,"href":"https:\/\/staging.ivg.it\/ediapi\/wp\/v2\/users\/10593"}],"replies":[{"embeddable":true,"href":"https:\/\/staging.ivg.it\/ediapi\/wp\/v2\/comments?post=282750"}],"version-history":[{"count":0,"href":"https:\/\/staging.ivg.it\/ediapi\/wp\/v2\/posts\/282750\/revisions"}],"wp:attachment":[{"href":"https:\/\/staging.ivg.it\/ediapi\/wp\/v2\/media?parent=282750"}],"wp:term":[{"taxonomy":"category","embeddable":true,"href":"https:\/\/staging.ivg.it\/ediapi\/wp\/v2\/categories?post=282750"},{"taxonomy":"post_tag","embeddable":true,"href":"https:\/\/staging.ivg.it\/ediapi\/wp\/v2\/tags?post=282750"}],"curies":[{"name":"wp","href":"https:\/\/api.w.org\/{rel}","templated":true}]}}