{"id":282687,"date":"2015-02-05T17:24:30","date_gmt":"2015-02-05T16:24:30","guid":{"rendered":"http:\/\/www.ivg.it\/?p=282687"},"modified":"2015-02-05T17:24:30","modified_gmt":"2015-02-05T16:24:30","slug":"tenta-di-rubare-sei-bottiglie-al-gabbiano-e-aggredisce-gli-agenti-convalidato-larresto-di-enrico-oliviero","status":"publish","type":"post","link":"https:\/\/staging.ivg.it\/2015\/02\/tenta-di-rubare-sei-bottiglie-al-gabbiano-e-aggredisce-gli-agenti-convalidato-larresto-di-enrico-oliviero\/","title":{"rendered":"Tenta di rubare sei bottiglie al &#8220;Gabbiano&#8221; e aggredisce gli agenti: convalidato l&#8217;arresto di Enrico Oliviero"},"content":{"rendered":"<p><strong>Savona.<\/strong> E&#8217; stato convalidato nel corso del processo per direttissima svoltosi questa mattina in tribunale a Savona l&#8217;arresto di Enrico Oliviero, il 32enne genovese arrestato due giorni fa al centro commerciale &#8220;Il Gabbiano&#8221; per furto e resistenza a pubblico ufficiale.<\/p>\n<p>Il suo difensore ha chiesto i termini a difesa e quindi processo \u00e8 stato rinviato a luned\u00ec prossimo. Il giudice ha rimesso in libert\u00e0 l\u2019imputato con la misura dell\u2019obbligo di firma quotidiano.<\/p>\n<p>Oliviero \u00e8 stato arrestato marted\u00ec pomeriggio dagli agenti della squadra volanti della questura di Savona. Dopo aver prelevato sei bottiglie di alcolici dagli scaffali del centro commerciale ha &#8220;saltato&#8221; la barriera delle casse per non pagare la merce. Quando gli addetti alla vigilanza si sono avvicinati ha dato in escandescenza aggredendo il personale.<\/p>\n<p>&nbsp;<\/p>\n","protected":false},"excerpt":{"rendered":"<p>Savona. E&#8217; stato convalidato nel corso del processo per direttissima svoltosi questa mattina in tribunale a Savona l&#8217;arresto di Enrico Oliviero, il 32enne genovese arrestato due giorni fa al centro commerciale &#8220;Il Gabbiano&#8221; per furto e resistenza a pubblico ufficiale. Il suo difensore ha chiesto i termini a difesa e quindi processo \u00e8 stato rinviato [&hellip;]<\/p>\n","protected":false},"author":12120,"featured_media":0,"comment_status":"open","ping_status":"closed","sticky":false,"template":"","format":"standard","meta":{"footnotes":""},"categories":[45296,34],"tags":[1034,86082,6496,85850],"class_list":["post-282687","post","type-post","status-publish","format-standard","hentry","category-copertina","category-cronaca","tag-furto","tag-il-gabbiano","tag-resistenza-a-pubblico-ufficiale","tag-savona","post_cat_citta-savona"],"amp_validity":null,"amp_enabled":true,"_links":{"self":[{"href":"https:\/\/staging.ivg.it\/ediapi\/wp\/v2\/posts\/282687","targetHints":{"allow":["GET"]}}],"collection":[{"href":"https:\/\/staging.ivg.it\/ediapi\/wp\/v2\/posts"}],"about":[{"href":"https:\/\/staging.ivg.it\/ediapi\/wp\/v2\/types\/post"}],"author":[{"embeddable":true,"href":"https:\/\/staging.ivg.it\/ediapi\/wp\/v2\/users\/12120"}],"replies":[{"embeddable":true,"href":"https:\/\/staging.ivg.it\/ediapi\/wp\/v2\/comments?post=282687"}],"version-history":[{"count":0,"href":"https:\/\/staging.ivg.it\/ediapi\/wp\/v2\/posts\/282687\/revisions"}],"wp:attachment":[{"href":"https:\/\/staging.ivg.it\/ediapi\/wp\/v2\/media?parent=282687"}],"wp:term":[{"taxonomy":"category","embeddable":true,"href":"https:\/\/staging.ivg.it\/ediapi\/wp\/v2\/categories?post=282687"},{"taxonomy":"post_tag","embeddable":true,"href":"https:\/\/staging.ivg.it\/ediapi\/wp\/v2\/tags?post=282687"}],"curies":[{"name":"wp","href":"https:\/\/api.w.org\/{rel}","templated":true}]}}