{"id":282416,"date":"2015-02-02T19:06:31","date_gmt":"2015-02-02T18:06:31","guid":{"rendered":"http:\/\/www.ivg.it\/?p=282416"},"modified":"2015-02-03T10:14:17","modified_gmt":"2015-02-03T09:14:17","slug":"lutto-ad-albenga-per-la-scomparsa-dellavvocato-filippo-basso","status":"publish","type":"post","link":"https:\/\/staging.ivg.it\/2015\/02\/lutto-ad-albenga-per-la-scomparsa-dellavvocato-filippo-basso\/","title":{"rendered":"Lutto ad Albenga per la scomparsa dell&#8217;avvocato Filippo Basso"},"content":{"rendered":"<p><strong>Albenga.<\/strong> La cittadina rivierasca \u00e8 in lutto per la scomparsa di Filippo Basso, avvocato ed ex sindaco dal gennaio al giugno del 1984.<\/p>\n<p>Basso si \u00e8 spento all&#8217;alba di oggi presso la casa di cura &#8220;San Michele&#8221;.<\/p>\n<p>Il sindaco Giorgio Cangiano, avvocato e come lui primo cittadino, gli dedica un ricordo particolare: &#8220;Quando ho iniziato a praticare la professione Filippo Basso era gi\u00e0 un avvocato molto noto. Era un collega preparato e disponibile e sempre pronto ad aiutare i pi\u00f9 giovani. Per me e per tanti altri giovani avvocati \u00e8 stato da subito un punto di riferimento con il quale parlare e condividere idee e informazioni. Era un signore d&#8217;altri tempi&#8221;.<\/p>\n<p>In seguito Cangiano ha avuto modo di conoscere Basso non solo come collega: &#8220;L&#8217;ho incontrato giusto qualche tempo fa in una serata organizzata da Vecchia Albenga. Nonostante l&#8217;et\u00e0 era molto presente e curioso. Era informatissimo e mi ha fatto parecchie domande sull&#8217;attivit\u00e0 del Comune e sulla nostra citt\u00e0. E&#8217; stato bello relazionarsi con lui e vedere il suo interesse cos\u00ec vivo&#8221;.<\/p>\n<p>Il funerale verr\u00e0 celebrato mercoled\u00ec alle 10 al Sacro Cuore.<\/p>\n","protected":false},"excerpt":{"rendered":"<p>Albenga. La cittadina rivierasca \u00e8 in lutto per la scomparsa di Filippo Basso, avvocato ed ex sindaco dal gennaio al giugno del 1984. Basso si \u00e8 spento all&#8217;alba di oggi presso la casa di cura &#8220;San Michele&#8221;. Il sindaco Giorgio Cangiano, avvocato e come lui primo cittadino, gli dedica un ricordo particolare: &#8220;Quando ho iniziato [&hellip;]<\/p>\n","protected":false},"author":12120,"featured_media":0,"comment_status":"open","ping_status":"closed","sticky":false,"template":"","format":"standard","meta":{"footnotes":""},"categories":[45296,34],"tags":[85841,51315,11888],"class_list":["post-282416","post","type-post","status-publish","format-standard","hentry","category-copertina","category-cronaca","tag-albenga","tag-giorgio-cangiano","tag-vecchia-albenga","post_cat_citta-albenga"],"amp_validity":null,"amp_enabled":true,"_links":{"self":[{"href":"https:\/\/staging.ivg.it\/ediapi\/wp\/v2\/posts\/282416","targetHints":{"allow":["GET"]}}],"collection":[{"href":"https:\/\/staging.ivg.it\/ediapi\/wp\/v2\/posts"}],"about":[{"href":"https:\/\/staging.ivg.it\/ediapi\/wp\/v2\/types\/post"}],"author":[{"embeddable":true,"href":"https:\/\/staging.ivg.it\/ediapi\/wp\/v2\/users\/12120"}],"replies":[{"embeddable":true,"href":"https:\/\/staging.ivg.it\/ediapi\/wp\/v2\/comments?post=282416"}],"version-history":[{"count":0,"href":"https:\/\/staging.ivg.it\/ediapi\/wp\/v2\/posts\/282416\/revisions"}],"wp:attachment":[{"href":"https:\/\/staging.ivg.it\/ediapi\/wp\/v2\/media?parent=282416"}],"wp:term":[{"taxonomy":"category","embeddable":true,"href":"https:\/\/staging.ivg.it\/ediapi\/wp\/v2\/categories?post=282416"},{"taxonomy":"post_tag","embeddable":true,"href":"https:\/\/staging.ivg.it\/ediapi\/wp\/v2\/tags?post=282416"}],"curies":[{"name":"wp","href":"https:\/\/api.w.org\/{rel}","templated":true}]}}