{"id":282373,"date":"2015-02-02T13:49:16","date_gmt":"2015-02-02T12:49:16","guid":{"rendered":"http:\/\/www.ivg.it\/?p=282373"},"modified":"2015-02-02T18:46:04","modified_gmt":"2015-02-02T17:46:04","slug":"albenga-successo-per-l8-edizione-della-mulatrial-del-mare","status":"publish","type":"post","link":"https:\/\/staging.ivg.it\/2015\/02\/albenga-successo-per-l8-edizione-della-mulatrial-del-mare\/","title":{"rendered":"Albenga, successo per l&#8217;8^ edizione della &#8220;Mulatrial del Mare&#8221;"},"content":{"rendered":"<p><strong>Albenga.<\/strong> Si \u00e8 svolta ieri l&#8217;8^ edizione della &#8220;Mulatrial del Mare&#8221;, manifestazione non agonistica &#8220;regina&#8221; del panorama delle motocavalcate nazionali.<\/p>\n<p>&#8220;Sar\u00e0 grazie agli scorci di paesaggi che si possono ammirare dalle alture \u2013 spiegano i promotori dell&#8217;iniziativa e i i ragazzi del Moto Club Albenga \u2013 all&#8217;organizzazione sempre impeccabile, al tracciato adatto alle capacit\u00e0 di ognuno (dal principiante al pi\u00f9 esperto) che questo evento porta sempre qui nella nostra cittadina molti appassionati da ogni dove. Ci sono i nostri vicini piemontesi, lombardi, un bel numero di toscani, ragazzi dal trentino dal veneto, appassionati d&#8217;oltralpe giunti in numero considerevole, con stupore troviamo anche molti svizzeri che con gioia han preso parte all&#8217;evento&#8221;.<\/p>\n<p>I primi motociclisti hanno cominciato a radunarsi gi\u00e0 dalla tarda mattinata di sabato, ma \u00e8 stato solo dalle 9 di domenica che i motori si sono accesi e la manifestazione ha preso il via.<\/p>\n<p>&#8220;Non si tratta di una manifestazione agonistica \u2013 ricordano gli organizzatori \u2013 ma la si pu\u00f2 interpretare come un&#8217;allegra scampagnata tra amici. Lungo il percorso ci si ferma a chiacchierare, a far foto, ad ammirare il paesaggio. Non c&#8217;\u00e8 nessuna fretta. Si pu\u00f2 seguire il percorso contraddistinto con il colore giallo, il pi\u00f9 facile, quello verde con alcune difficolt\u00e0 in pi\u00f9 e lunghezza maggiore, o quello blu, molto impegnativo&#8221;.<\/p>\n<p>La giornata si \u00e8 conclusa a sera ormai inoltrata.<\/p>\n<p>&#8220;Il bilancio \u00e8 pi\u00f9 che positivo, sia come numeri sia come svolgimento \u2013 dicono ancora soddisfatti gli organizzatori \u2013 Andando in giro per le pizzerie e ristoranti a salutare gli amici conosciuti poche ore prima, si sentono i commenti dei partecipanti, tutti positivi, tutto fantastico, organizzazione ottima, tutto impeccabile, percorso bellissimo, sentieri puliti bene, tracciatura ottima, paesaggi stupendi, staff ottimo, assistenza lungo il percorso all&#8217;altezza della situazione. Non c&#8217;\u00e8 paga migliore per chi da settimane lavora all&#8217;evento. La collaborazione e la sintonia di tutte queste persone hanno reso possibile tutto ci\u00f2, portando alto il nome di Albenga nel panorama nazionale e riconfermando che lo scettro di &#8216;regina&#8217; delle mulatrial rimane qui da noi, ad Albenga. Il trialista tipo, rispetta la natura, i luoghi dove passa, le persone che incontra lungo i sentieri, salutando, spegnendo la moto e cedendo il passo, pulendo i sentieri che frequenta&#8221;.<\/p>\n","protected":false},"excerpt":{"rendered":"<p>Albenga. Si \u00e8 svolta ieri l&#8217;8^ edizione della &#8220;Mulatrial del Mare&#8221;, manifestazione non agonistica &#8220;regina&#8221; del panorama delle motocavalcate nazionali. &#8220;Sar\u00e0 grazie agli scorci di paesaggi che si possono ammirare dalle alture \u2013 spiegano i promotori dell&#8217;iniziativa e i i ragazzi del Moto Club Albenga \u2013 all&#8217;organizzazione sempre impeccabile, al tracciato adatto alle capacit\u00e0 di [&hellip;]<\/p>\n","protected":false},"author":12120,"featured_media":0,"comment_status":"open","ping_status":"closed","sticky":false,"template":"","format":"standard","meta":{"footnotes":""},"categories":[32],"tags":[85841,1401],"class_list":["post-282373","post","type-post","status-publish","format-standard","hentry","category-sport","tag-albenga","tag-trial","post_cat_citta-albenga"],"amp_validity":null,"amp_enabled":true,"_links":{"self":[{"href":"https:\/\/staging.ivg.it\/ediapi\/wp\/v2\/posts\/282373","targetHints":{"allow":["GET"]}}],"collection":[{"href":"https:\/\/staging.ivg.it\/ediapi\/wp\/v2\/posts"}],"about":[{"href":"https:\/\/staging.ivg.it\/ediapi\/wp\/v2\/types\/post"}],"author":[{"embeddable":true,"href":"https:\/\/staging.ivg.it\/ediapi\/wp\/v2\/users\/12120"}],"replies":[{"embeddable":true,"href":"https:\/\/staging.ivg.it\/ediapi\/wp\/v2\/comments?post=282373"}],"version-history":[{"count":0,"href":"https:\/\/staging.ivg.it\/ediapi\/wp\/v2\/posts\/282373\/revisions"}],"wp:attachment":[{"href":"https:\/\/staging.ivg.it\/ediapi\/wp\/v2\/media?parent=282373"}],"wp:term":[{"taxonomy":"category","embeddable":true,"href":"https:\/\/staging.ivg.it\/ediapi\/wp\/v2\/categories?post=282373"},{"taxonomy":"post_tag","embeddable":true,"href":"https:\/\/staging.ivg.it\/ediapi\/wp\/v2\/tags?post=282373"}],"curies":[{"name":"wp","href":"https:\/\/api.w.org\/{rel}","templated":true}]}}