{"id":282346,"date":"2015-02-02T10:14:00","date_gmt":"2015-02-02T09:14:00","guid":{"rendered":"http:\/\/www.ivg.it\/?p=282346"},"modified":"2015-02-02T10:14:00","modified_gmt":"2015-02-02T09:14:00","slug":"varazze-illuminazione-votiva-con-il-fotovoltaico-per-cimiteri-delle-faie-e-del-pero","status":"publish","type":"post","link":"https:\/\/staging.ivg.it\/2015\/02\/varazze-illuminazione-votiva-con-il-fotovoltaico-per-cimiteri-delle-faie-e-del-pero\/","title":{"rendered":"Varazze, illuminazione votiva con il fotovoltaico per i cimiteri delle Faie e del Pero"},"content":{"rendered":"<p><strong>Varazze.<\/strong> Nel prossimo mese i due cimiteri frazionali del Pero e delle Faie avranno la possibilit\u00e0 di utilizzare un sistema di illuminazione votiva che sar\u00e0 alimentato con un piccolo impianto fotovoltaico: \u00e8\u00a0questa la soluzione trovata per un problema che si trascinava da anni, e impediva a chi lo desiderava di poter dare un servizio richiesto da molti cittadini per onorare i propri cari.<\/p>\n<p>I costi sostenuti dal Comune sono in questo caso pressoch\u00e9 nulli.\u00a0&#8220;Era tutto predisposto da molto tempo\u00a0&#8211; ha spiegato Emilio Patrone, consigliere delegato per le Frazioni &#8211; ma per un contenzioso che non riguardava il Comune, non si sbloccava la situazione. Abbiamo trovato una soluzione giusta per assicurare il doveroso decoro a delle aree la cui cura misura la civilt\u00e0 di un popolo e di una citt\u00e0&#8221;.<\/p>\n","protected":false},"excerpt":{"rendered":"<p>Varazze. Nel prossimo mese i due cimiteri frazionali del Pero e delle Faie avranno la possibilit\u00e0 di utilizzare un sistema di illuminazione votiva che sar\u00e0 alimentato con un piccolo impianto fotovoltaico: \u00e8\u00a0questa la soluzione trovata per un problema che si trascinava da anni, e impediva a chi lo desiderava di poter dare un servizio richiesto [&hellip;]<\/p>\n","protected":false},"author":10593,"featured_media":0,"comment_status":"open","ping_status":"closed","sticky":false,"template":"","format":"standard","meta":{"footnotes":""},"categories":[],"tags":[6352,85868],"class_list":["post-282346","post","type-post","status-publish","format-standard","hentry","tag-pero","tag-varazze","post_cat_citta-varazze"],"amp_validity":null,"amp_enabled":true,"_links":{"self":[{"href":"https:\/\/staging.ivg.it\/ediapi\/wp\/v2\/posts\/282346","targetHints":{"allow":["GET"]}}],"collection":[{"href":"https:\/\/staging.ivg.it\/ediapi\/wp\/v2\/posts"}],"about":[{"href":"https:\/\/staging.ivg.it\/ediapi\/wp\/v2\/types\/post"}],"author":[{"embeddable":true,"href":"https:\/\/staging.ivg.it\/ediapi\/wp\/v2\/users\/10593"}],"replies":[{"embeddable":true,"href":"https:\/\/staging.ivg.it\/ediapi\/wp\/v2\/comments?post=282346"}],"version-history":[{"count":0,"href":"https:\/\/staging.ivg.it\/ediapi\/wp\/v2\/posts\/282346\/revisions"}],"wp:attachment":[{"href":"https:\/\/staging.ivg.it\/ediapi\/wp\/v2\/media?parent=282346"}],"wp:term":[{"taxonomy":"category","embeddable":true,"href":"https:\/\/staging.ivg.it\/ediapi\/wp\/v2\/categories?post=282346"},{"taxonomy":"post_tag","embeddable":true,"href":"https:\/\/staging.ivg.it\/ediapi\/wp\/v2\/tags?post=282346"}],"curies":[{"name":"wp","href":"https:\/\/api.w.org\/{rel}","templated":true}]}}