{"id":282256,"date":"2015-01-30T18:22:00","date_gmt":"2015-01-30T17:22:00","guid":{"rendered":"http:\/\/www.ivg.it\/?p=282256"},"modified":"2015-01-30T18:35:57","modified_gmt":"2015-01-30T17:35:57","slug":"nuovo-servizio-di-vigilanza-ai-varchi-portuali-di-savona-e-vado-ligure","status":"publish","type":"post","link":"https:\/\/staging.ivg.it\/2015\/01\/nuovo-servizio-di-vigilanza-ai-varchi-portuali-di-savona-e-vado-ligure\/","title":{"rendered":"Nuovo servizio di vigilanza ai varchi portuali di Savona e Vado Ligure"},"content":{"rendered":"<p><strong>Savona.<\/strong> Via libera all&#8217;appalto per il servizio di vigilanza ai varchi dei porti di Savona e Vado Ligure, ma anche per il funzionamento del ponte mobile tra la Torretta e la Vecchia Darsena.<\/p>\n<p>Il servizio, che dovr\u00e0 essere svolto secondo le direttive contenute nel Piano di Sicurezza del porto approvato nel 2010 dalla prefettura di Savona, avr\u00e0 una durata quadriennale per un importo base annuale di 515 mila euro (341 mila per la vigilanza, 174 mila per la portineria. <\/p>\n<p>L&#8217;appalto sar\u00e0 soggetto a ribasso d&#8217;asta. Potranno partecipare le imprese che svolgono attivit\u00e0 di vigilanza regolarmente autorizzate dal prefetto, che abbiano la disponibilit\u00e0 di una centrale operativa in funzione 24 ore su 24. Il termine per la presentazione delle offerte \u00e8 fissato per le ore 13 di luned\u00ec 16 febbraio 2015.<\/p>\n","protected":false},"excerpt":{"rendered":"<p>Savona. Via libera all&#8217;appalto per il servizio di vigilanza ai varchi dei porti di Savona e Vado Ligure, ma anche per il funzionamento del ponte mobile tra la Torretta e la Vecchia Darsena. Il servizio, che dovr\u00e0 essere svolto secondo le direttive contenute nel Piano di Sicurezza del porto approvato nel 2010 dalla prefettura di [&hellip;]<\/p>\n","protected":false},"author":4,"featured_media":0,"comment_status":"open","ping_status":"closed","sticky":false,"template":"","format":"standard","meta":{"footnotes":""},"categories":[45296,35],"tags":[51498,13216,213,85850,85979],"class_list":["post-282256","post","type-post","status-publish","format-standard","hentry","category-copertina","category-economia","tag-darsena-savona","tag-porto-savona","tag-porto-vado","tag-savona","tag-vado-ligure","post_cat_citta-andora","post_cat_citta-savona","post_cat_citta-vado-ligure"],"amp_validity":null,"amp_enabled":true,"_links":{"self":[{"href":"https:\/\/staging.ivg.it\/ediapi\/wp\/v2\/posts\/282256","targetHints":{"allow":["GET"]}}],"collection":[{"href":"https:\/\/staging.ivg.it\/ediapi\/wp\/v2\/posts"}],"about":[{"href":"https:\/\/staging.ivg.it\/ediapi\/wp\/v2\/types\/post"}],"author":[{"embeddable":true,"href":"https:\/\/staging.ivg.it\/ediapi\/wp\/v2\/users\/4"}],"replies":[{"embeddable":true,"href":"https:\/\/staging.ivg.it\/ediapi\/wp\/v2\/comments?post=282256"}],"version-history":[{"count":0,"href":"https:\/\/staging.ivg.it\/ediapi\/wp\/v2\/posts\/282256\/revisions"}],"wp:attachment":[{"href":"https:\/\/staging.ivg.it\/ediapi\/wp\/v2\/media?parent=282256"}],"wp:term":[{"taxonomy":"category","embeddable":true,"href":"https:\/\/staging.ivg.it\/ediapi\/wp\/v2\/categories?post=282256"},{"taxonomy":"post_tag","embeddable":true,"href":"https:\/\/staging.ivg.it\/ediapi\/wp\/v2\/tags?post=282256"}],"curies":[{"name":"wp","href":"https:\/\/api.w.org\/{rel}","templated":true}]}}