{"id":282239,"date":"2015-01-30T15:03:09","date_gmt":"2015-01-30T14:03:09","guid":{"rendered":"http:\/\/www.ivg.it\/?p=282239"},"modified":"2015-01-30T15:07:58","modified_gmt":"2015-01-30T14:07:58","slug":"retromarcia-del-governo-sulle-unioni-dei-piccoli-comuni-mai-che-si-sia-reso-conto-di-aver-fatto-un-pasticcio","status":"publish","type":"post","link":"https:\/\/staging.ivg.it\/2015\/01\/retromarcia-del-governo-sulle-unioni-dei-piccoli-comuni-mai-che-si-sia-reso-conto-di-aver-fatto-un-pasticcio\/","title":{"rendered":"Retromarcia del Governo sulle unioni dei piccoli comuni, Mai: &#8220;Che si sia reso conto di aver fatto un pasticcio?&#8221;"},"content":{"rendered":"<p><strong>Zuccarello.<\/strong> &#8220;Il Governo ha fatto marcia indietro sull&#8217;unione delle funzioni dei Comuni. Che si sia reso conto di aver combinato un altro pasticcio?&#8221;<\/p>\n<p>Il sindaco di Zuccarello Stefano Mai commenta con ironia la recente decisione del ministero dell&#8217;interno di prorogare l&#8217;obbligo (per i Comuni con meno di 5 mila abitanti) di unirsi e gestire in forma associata le funzioni fondamentali. La precedente scadenza era il 31 dicembre 2014, ma ora le cose sono cambiate.<\/p>\n<p>&#8220;Con la circolare del 12 gennaio scorso \u2013 spiega Mai \u2013 il Viminale richiedeva ai prefetti di procedere &#8216;senza indugio&#8217; nell&#8217;attivit\u00e0 di controllo e sanzionamento dei Comuni inadempienti, con la possibilit\u00e0 di una diffida prima e del commissariamento poi. Ora il ministero dell&#8217;interno fa dietrofront e invia alle prefetture un&#8217;altra circolare (datata 23 gennaio) con cui conferma la proroga accantonando per il momento il rischio di commissariamento nel caso in cui l&#8217;obbligo di associarsi non sia stato rispettato&#8221;.<\/p>\n<p>Un ripensamento che non \u00e8 casuale: &#8220;Questo ripensamento \u00e8 dovuto molto probabilmente alle pressioni dell&#8217;Anci e in particolare alla conferenza Stato-Citt\u00e0 e Autonomie locali del 22 gennaio scorso, in cui ha preso corpo l&#8217;ipotesi di un differimento rispetto alla f&#8217;u&#8217; scadenza del 31 dicembre 2014. Gi\u00e0 a dicembre l&#8217;Anci aveva manifestato ai ministri interessati l&#8217;esigenza di procedere &#8220;attraverso un percorso pi\u00f9 graduale, monitorato e ragionevole&#8221; nella realizzazione delle unioni e delle gestioni associate. E in un recente comunicato, osservando il bilancio tutt&#8217;altro che positivo del processo associativo, ha addirittura parlato di &#8216;scelte volontarie dei comuni stessi&#8217;.<\/p>\n<p>&#8220;Chiss\u00e0 che non spunti nel Milleproroghe, in sede di conversione, la proroga al 2016 per l&#8217;obbligo delle gestioni associate \u2013 si chiede ancora il primo cittadino di Zuccarello \u2013 Per il momento i Comuni che non sono riusciti ad unirsi (o convenzionarsi) nell&#8217;esercizio delle loro funzioni fondamentali non rischiano il commissariamento&#8221;.<\/p>\n","protected":false},"excerpt":{"rendered":"<p>Zuccarello. &#8220;Il Governo ha fatto marcia indietro sull&#8217;unione delle funzioni dei Comuni. Che si sia reso conto di aver combinato un altro pasticcio?&#8221; Il sindaco di Zuccarello Stefano Mai commenta con ironia la recente decisione del ministero dell&#8217;interno di prorogare l&#8217;obbligo (per i Comuni con meno di 5 mila abitanti) di unirsi e gestire in [&hellip;]<\/p>\n","protected":false},"author":12120,"featured_media":0,"comment_status":"open","ping_status":"closed","sticky":false,"template":"","format":"standard","meta":{"footnotes":""},"categories":[31],"tags":[1567,7140,24585,85969],"class_list":["post-282239","post","type-post","status-publish","format-standard","hentry","category-politica","tag-anci","tag-stefano-mai","tag-unione-comuni","tag-zuccarello","post_cat_citta-zuccarello"],"amp_validity":null,"amp_enabled":true,"_links":{"self":[{"href":"https:\/\/staging.ivg.it\/ediapi\/wp\/v2\/posts\/282239","targetHints":{"allow":["GET"]}}],"collection":[{"href":"https:\/\/staging.ivg.it\/ediapi\/wp\/v2\/posts"}],"about":[{"href":"https:\/\/staging.ivg.it\/ediapi\/wp\/v2\/types\/post"}],"author":[{"embeddable":true,"href":"https:\/\/staging.ivg.it\/ediapi\/wp\/v2\/users\/12120"}],"replies":[{"embeddable":true,"href":"https:\/\/staging.ivg.it\/ediapi\/wp\/v2\/comments?post=282239"}],"version-history":[{"count":0,"href":"https:\/\/staging.ivg.it\/ediapi\/wp\/v2\/posts\/282239\/revisions"}],"wp:attachment":[{"href":"https:\/\/staging.ivg.it\/ediapi\/wp\/v2\/media?parent=282239"}],"wp:term":[{"taxonomy":"category","embeddable":true,"href":"https:\/\/staging.ivg.it\/ediapi\/wp\/v2\/categories?post=282239"},{"taxonomy":"post_tag","embeddable":true,"href":"https:\/\/staging.ivg.it\/ediapi\/wp\/v2\/tags?post=282239"}],"curies":[{"name":"wp","href":"https:\/\/api.w.org\/{rel}","templated":true}]}}