{"id":281948,"date":"2015-01-26T19:16:51","date_gmt":"2015-01-26T18:16:51","guid":{"rendered":"http:\/\/www.ivg.it\/?p=281948"},"modified":"2015-01-27T15:28:52","modified_gmt":"2015-01-27T14:28:52","slug":"verybello-it-mille-e-300-eventi-culturali-in-tutta-italia-ma-solo-8-in-provincia-di-savona","status":"publish","type":"post","link":"https:\/\/staging.ivg.it\/2015\/01\/verybello-it-mille-e-300-eventi-culturali-in-tutta-italia-ma-solo-8-in-provincia-di-savona\/","title":{"rendered":"VeryBello.it, mille e 300 eventi culturali in tutta Italia. Ma solo 8 in provincia di Savona"},"content":{"rendered":"<p><strong>Savona.<\/strong> Tante cose non hanno convinto fin dal momento stesso del suo lancio.<\/p>\n<p>Subito il nome, che sembra una parola che qualche straniero potrebbe ironicamente utilizzare per prendere in giro la nostra lingua cos\u00ec piena di O e A alla fine delle parole.<\/p>\n<p>Poi il costo, con un investimento, tra sviluppo e promozione, di ben cinque milioni di euro.<\/p>\n<p>Infine la pecca di non avere ancora una sua versione inglese pur essendo un sito di promozione turistica con visibilit\u00e0 nazionale, un caricamento dei risultati di ricerca spesso lento e tutta una serie di lacune che solo i pi\u00f9 fissati con la composizione di pagine web forse avranno notato ma che in ogni caso non dovrebbero esserci.<\/p>\n<p>Ha toccato il mezzo milione di visualizzazioni solo nelle prime sei ore di vita &#8220;VeryBello&#8221;, la nuova piattaforma digitale per promuovere nel mondo il calendario di eventi culturali paralleli all&#8217;Expo presentata dal ministro di beni culturali e turismo Dario Franceschini a Palazzo Chigi qualche giorno fa.<\/p>\n<p>La maggior parte di queste visite \u00e8 dovuta certamente alla curiosit\u00e0 di vedere l&#8217;ultimo prodotto web che, nei piani, dovrebbe servire a promuovere la buona immagine del nostro paese nel mondo dopo il mezzo naufragio del famoso (anzi famigerato) Italia.it, che qualche anno fa avrebbe dovuto avere la stessa funzione.<\/p>\n<p>Le reazioni, come previsto, sono state pi\u00f9 all&#8217;insegna della presa in giro che non dell&#8217;analisi seria e meticolosa del risultato del lavoro del ministero.<\/p>\n<p>Eppure, l&#8217;impegno c&#8217;\u00e8 stato: il sito, infatti, voleva essere un gigantesco catalogo con gli eventi (sono mille e 300) pi\u00f9 significativi di ogni regione e provincia. All&#8217;atto pratico, per\u00f2, pare ne manchino parecchi. E pure dei pi\u00f9 significativi.<\/p>\n<p>Prendiamo la provincia di Savona. Otto in tutti gli eventi segnalati: la mostra &#8220;Pane, vino, acqua: il nutrimento dell&#8217;anima (in programma dal 14 marzo al 31 dicembre al museo del Santuario di Savona), il &#8220;Percfest&#8221; (tra il 16 e il 21 luglio a Laigueglia), &#8220;Il Trovatore&#8221; e &#8220;La Traviata&#8221; (in scena al Priamar rispettivamente il 18 e 19 giugno e il 2 e il 7 luglio), un concerto sinfonico (al Priamar il 15 luglio), il &#8220;Palio dei Rioni&#8221; ad Albenga (dal 19 al 22 luglio), il &#8220;Viaggio nel Medioevo&#8221; di Finale (il 21 agosto) e infine la &#8220;Regata storica dei Rioni&#8221; di Noli (il 5 e il 6 settembre).<\/p>\n<p>Altri eventi storici della primavera e dell&#8217;estate savonese sono mancanti. Prendiamo la &#8220;24 ore di Finale Ligure&#8221;, gara di mountain-bike nata nel 1999 che negli anni \u00e8 diventata un appuntamento immancabile per gli amanti delle due ruote e non solo grazie agli eventi collaterali e diversificati che vi gravitano attorno. O alla &#8220;Festa Medioevale&#8221; di Cairo, del tutto simile a quella che si tiene a Finalborgo. O ancora alla celeberrima rievocazione dello &#8220;Sbarco dei Saraceni&#8221; di Laigueglia, che ha avuto la sua prima edizione a met\u00e0 degli anni &#8217;70 del secolo scorso.<\/p>\n<p>Spostandoci in un ambito pi\u00f9 &#8220;culturale&#8221;, tradizionale appuntamento dell&#8217;estate \u00e8 la rassegna del teatro di Borgio Verezzi, che lo scorso anno \u00e8 arrivata alla 48^ edizione: gli eventi sono spalmati su pi\u00f9 di un mese, tra luglio e agosto, ma ugualmente si tratta di una manifestazione di rilievo ben pi\u00f9 che semplicemente savonese. Cos\u00ec come lo \u00e8 pure &#8220;Stars a Balestrino&#8221;, rassegna di spettacoli e di dibattiti ideata da Shel Shapiro che lo scorso anno era alla terza edizione ed \u00e8 in continua crescita. Stesso dicasi per il &#8220;Premio nazionale citt\u00e0 di Loano per la musica tradizionale italiana&#8221;, che ogni anno vede i migliori artisti della musica folk del nostro paese esibirsi nella cittadina rivierasca e che \u00e8 stato anche insignito di una medaglia del presidente della Repubblica.<\/p>\n<p>Negli ultimi anni la provincia di Savona ha perso diversi eventi: da &#8220;Balla coi Cinghiali&#8221;, festival in grado di attrarre decine di migliaia di persone a Bardineto, alla festa dei &#8220;Gunbi&#8221;, che l&#8217;anno scorso \u00e8 saltata, al Vans Off The Wall Spring Classic, che da Varazze \u00e8 emigrato a Napoli. Ma ugualmente gli appuntamenti fissi della nostra provincia, che ha una chiara vocazione turistica, restano ancora molto numerosi. Peccato che pochissimi di questi siano stati registrato su VeryBello.<\/p>\n","protected":false},"excerpt":{"rendered":"<p>Savona. Tante cose non hanno convinto fin dal momento stesso del suo lancio. Subito il nome, che sembra una parola che qualche straniero potrebbe ironicamente utilizzare per prendere in giro la nostra lingua cos\u00ec piena di O e A alla fine delle parole. Poi il costo, con un investimento, tra sviluppo e promozione, di ben [&hellip;]<\/p>\n","protected":false},"author":12120,"featured_media":0,"comment_status":"open","ping_status":"closed","sticky":false,"template":"","format":"standard","meta":{"footnotes":""},"categories":[45296],"tags":[],"class_list":["post-281948","post","type-post","status-publish","format-standard","hentry","category-copertina"],"amp_validity":null,"amp_enabled":true,"_links":{"self":[{"href":"https:\/\/staging.ivg.it\/ediapi\/wp\/v2\/posts\/281948","targetHints":{"allow":["GET"]}}],"collection":[{"href":"https:\/\/staging.ivg.it\/ediapi\/wp\/v2\/posts"}],"about":[{"href":"https:\/\/staging.ivg.it\/ediapi\/wp\/v2\/types\/post"}],"author":[{"embeddable":true,"href":"https:\/\/staging.ivg.it\/ediapi\/wp\/v2\/users\/12120"}],"replies":[{"embeddable":true,"href":"https:\/\/staging.ivg.it\/ediapi\/wp\/v2\/comments?post=281948"}],"version-history":[{"count":0,"href":"https:\/\/staging.ivg.it\/ediapi\/wp\/v2\/posts\/281948\/revisions"}],"wp:attachment":[{"href":"https:\/\/staging.ivg.it\/ediapi\/wp\/v2\/media?parent=281948"}],"wp:term":[{"taxonomy":"category","embeddable":true,"href":"https:\/\/staging.ivg.it\/ediapi\/wp\/v2\/categories?post=281948"},{"taxonomy":"post_tag","embeddable":true,"href":"https:\/\/staging.ivg.it\/ediapi\/wp\/v2\/tags?post=281948"}],"curies":[{"name":"wp","href":"https:\/\/api.w.org\/{rel}","templated":true}]}}