{"id":281945,"date":"2015-01-26T17:45:19","date_gmt":"2015-01-26T16:45:19","guid":{"rendered":"http:\/\/www.ivg.it\/?p=281945"},"modified":"2015-01-26T17:45:19","modified_gmt":"2015-01-26T16:45:19","slug":"calcio-per-le-rappresentative-regionali-e-scoccata-lora-della-prima-chiamata","status":"publish","type":"post","link":"https:\/\/staging.ivg.it\/2015\/01\/calcio-per-le-rappresentative-regionali-e-scoccata-lora-della-prima-chiamata\/","title":{"rendered":"Calcio: per le rappresentative regionali \u00e8 scoccata l&#8217;ora della prima chiamata"},"content":{"rendered":"<p><strong>Arenzano<\/strong>. Sta per prendere il via il programma di allestimento dell&#8217;attivit\u00e0 di rappresentativa attraverso cui verranno predisposti i gruppi che parteciperanno al tradizionale Torneo delle Regioni che in questa 54\u00aa edizione non si svolger\u00e0 nella settimana prepasquale (come di consueto) bens\u00ec tra l&#8217;ultima settimana di maggio e la prima di giugno, in concomitanza con l&#8217;Expo 2015.<\/p>\n<p>Uno dei momenti di &#8220;svago&#8221; per gli atleti presenti al\u2008Torneo sar\u00e0 costituito infatti proprio dalla possibilit\u00e0 di visitare a Milano e dintorni i padiglioni dell&#8217;esposizione universale, incentrata su tutto ci\u00f2 che riguarda l&#8217;alimentazione, dal problema della mancanza di cibo per alcune zone del mondo a quello dell&#8217;educazione alimentare, fino alle tematiche legate agli ogm.<\/p>\n<p>Il Comitato regionale ligure con il presidente Antonio Sonno in testa sar\u00e0 presente con tutte e sei le classiche rappresentative: Juniores,\u2008Allievi e Giovanissimi (calcio a undici maschile), calcio a undici femminile, calcio a cinque maschile e calcio a cinque femminile.<\/p>\n<p>A seguito della riunione organizzativa di coordinamento svoltasi marted\u00ec 20 gennaio nella sede di via Dino Col, a partire da marted\u00ec 27 gennaio, sul green del &#8220;Gambino&#8221; di Arenzano, si terr\u00e0 il primo raduno riservato alla rappresentativa Giovanissimi 2000. I 28 giocatori selezionati provenienti dal territorio ligure di Ponente, sotto l&#8217;attenta visione dello staff composto dal dirigente Puggioni e dal mister Manetti, coadiuvato da Zito, disputeranno una partitella a ranghi contrapposti, avendo cos\u00ec la possibilit\u00e0 di mettere in mostra le proprie gi\u00e0 ammirate ed indiscusse capacit\u00e0.<\/p>\n<p>Mercoled\u00ec 28 gennaio, nell&#8217;impianto &#8220;Maggio&#8221; di Cogoleto, sar\u00e0 la rappresentativa Juniores &#8217;96\/&#8217;97 del duo storico raffigurato dal ct Andreani (con l&#8217;inseparabile Rusca di supporto) e dal dg Ferrando ad aprire le danze. Infine marted\u00ec 4 febbraio, sempre sul nuovo manto della &#8220;bombonera&#8221; arenzanese, toccher\u00e0 agli Allievi &#8217;98 del tandem Bruzzo-Tonelli (con l&#8217;assistente Vaccarezza) completare il primo round di raduni da cui dovrebbero scaturire le necessarie iniziali indicazioni circa la composizione delle varie squadre.<\/p>\n<p>Dall&#8217;osservatore-collaboratore dei tre team federali (area Savona e Imperia), Felicino Vaniglia, abbiamo raccolto questo prezioso contributo illustrativo a riguardo degli eventi in arrivo. &#8220;E&#8217; precisa volont\u00e0 del Comitato regionale &#8211; spiega Vaniglia -, mai come in questa speciale manifestazione lombarda cos\u00ec determinato e ben organizzato, fare una bellissima figura senza peraltro rinunciare a legittimi sogni di gloria. Ci presentiamo pertanto ai nastri di partenza con l&#8217;intenzione di arrivare fino in fondo portando pi\u00f9 in alto possibile le sorti del calcio ligure giovanile&#8221;.<\/p>\n<p>&#8220;Terminati questi tre primi raduni &#8216;zonali&#8217; &#8211; prosegue -, come da copione, si proceder\u00e0 nella prosecuzione dello screening e del rodaggio facendo ricorso ad amichevoli di lusso che diranno di che pasta siano fatte le nostre selezioni. Per quanto mi concerne pi\u00f9 direttamente non posso nascondere la grande soddisfazione nel veder inclusi nel novero dei nominativi convocati per le diverse categorie un massiccio numero di calciatori provenienti dalle societ\u00e0 ponentine a cui fin da adesso rivolgo il mio personale apprezzamento e ringraziamento, sapendo di poter confidare nel loro indispensabile appoggio&#8221;.<\/p>\n<p>&#8220;Naturalmente il cantiere dei lavori rester\u00e0 aperto per eventuali gradite nuove entrate che non escludo possano avvenire ancora proprio dal nostro contesto calcistico, da realt\u00e0 in cui finalmente i giovani dei vivai trovano sempre pi\u00f9 spazio all&#8217;interno delle prime squadre &#8211; conclude Vaniglia -, con somma gioia di quanti da sempre si battono per raggiungere questo traguardo&#8221;.<\/p>\n","protected":false},"excerpt":{"rendered":"<p>Arenzano. Sta per prendere il via il programma di allestimento dell&#8217;attivit\u00e0 di rappresentativa attraverso cui verranno predisposti i gruppi che parteciperanno al tradizionale Torneo delle Regioni che in questa 54\u00aa edizione non si svolger\u00e0 nella settimana prepasquale (come di consueto) bens\u00ec tra l&#8217;ultima settimana di maggio e la prima di giugno, in concomitanza con l&#8217;Expo [&hellip;]<\/p>\n","protected":false},"author":18,"featured_media":0,"comment_status":"open","ping_status":"closed","sticky":false,"template":"","format":"standard","meta":{"footnotes":""},"categories":[45296,182,32],"tags":[817,85989,1258,5490,21242],"class_list":["post-281945","post","type-post","status-publish","format-standard","hentry","category-copertina","category-calcio","category-sport","tag-allievi","tag-calcio","tag-giovanissimi","tag-juniores","tag-torneo-delle-regioni"],"amp_validity":null,"amp_enabled":true,"_links":{"self":[{"href":"https:\/\/staging.ivg.it\/ediapi\/wp\/v2\/posts\/281945","targetHints":{"allow":["GET"]}}],"collection":[{"href":"https:\/\/staging.ivg.it\/ediapi\/wp\/v2\/posts"}],"about":[{"href":"https:\/\/staging.ivg.it\/ediapi\/wp\/v2\/types\/post"}],"author":[{"embeddable":true,"href":"https:\/\/staging.ivg.it\/ediapi\/wp\/v2\/users\/18"}],"replies":[{"embeddable":true,"href":"https:\/\/staging.ivg.it\/ediapi\/wp\/v2\/comments?post=281945"}],"version-history":[{"count":0,"href":"https:\/\/staging.ivg.it\/ediapi\/wp\/v2\/posts\/281945\/revisions"}],"wp:attachment":[{"href":"https:\/\/staging.ivg.it\/ediapi\/wp\/v2\/media?parent=281945"}],"wp:term":[{"taxonomy":"category","embeddable":true,"href":"https:\/\/staging.ivg.it\/ediapi\/wp\/v2\/categories?post=281945"},{"taxonomy":"post_tag","embeddable":true,"href":"https:\/\/staging.ivg.it\/ediapi\/wp\/v2\/tags?post=281945"}],"curies":[{"name":"wp","href":"https:\/\/api.w.org\/{rel}","templated":true}]}}