{"id":281864,"date":"2015-01-25T16:08:39","date_gmt":"2015-01-25T15:08:39","guid":{"rendered":"http:\/\/www.ivg.it\/?p=281864"},"modified":"2015-01-25T16:08:39","modified_gmt":"2015-01-25T15:08:39","slug":"prove-di-alternativa-liguria-ravera-prc-occasione-unica-la-sinistra-non-puo-dividersi","status":"publish","type":"post","link":"https:\/\/staging.ivg.it\/2015\/01\/prove-di-alternativa-liguria-ravera-prc-occasione-unica-la-sinistra-non-puo-dividersi\/","title":{"rendered":"Prove di alternativa in Liguria, Ravera (Prc): &#8220;Occasione unica, la sinistra non pu\u00f2 dividersi&#8221;"},"content":{"rendered":"<p><strong>Liguria.<\/strong> &#8220;Nella settimana che si sta chiudendo la sinistra ligure si \u00e8 pi\u00f9 volte incontrata, ha discusso, si \u00e8 confrontata. In particolare due assemblee pubbliche hanno dato il via a quella che potrebbe diventare una lista alternativa al centrodestra e al PD, mi riferisco all&#8217;incontro di &#8216;Rete a sinistra&#8217; e alla riunione di &#8216;Altra Liguria&#8217;&#8221;. Cos\u00ec Marco Ravera, segretario regionale  Rifondazione Comunista, spiega le &#8220;grandi manovre&#8221; della sinistra ligure. <\/p>\n<p>&#8220;Rifondazione Comunista era, ovviamente, presente e lavora per unire l&#8217;entusiasmo&#8217; e la &#8216;rabbia&#8217; emerse nei due incontri. L&#8217;occasione che abbiamo davanti \u00e8 unica. Con la crisi di un Partito Democratico, sempre pi\u00f9 spostato a destra, la sinistra non pu\u00f2 permettersi divisioni&#8221;.<\/p>\n<p>&#8220;A chiedercelo &#8211; conclude Ravera &#8211; non sono le centinaia di persone che hanno partecipato alle due assemblee, ma i cittadini liguri&#8221;.<\/p>\n","protected":false},"excerpt":{"rendered":"<p>Liguria. &#8220;Nella settimana che si sta chiudendo la sinistra ligure si \u00e8 pi\u00f9 volte incontrata, ha discusso, si \u00e8 confrontata. In particolare due assemblee pubbliche hanno dato il via a quella che potrebbe diventare una lista alternativa al centrodestra e al PD, mi riferisco all&#8217;incontro di &#8216;Rete a sinistra&#8217; e alla riunione di &#8216;Altra Liguria&#8217;&#8221;. [&hellip;]<\/p>\n","protected":false},"author":11917,"featured_media":0,"comment_status":"open","ping_status":"closed","sticky":false,"template":"","format":"standard","meta":{"footnotes":""},"categories":[31],"tags":[393,366,1735,367],"class_list":["post-281864","post","type-post","status-publish","format-standard","hentry","category-politica","tag-liguria","tag-marco-ravera","tag-prc","tag-rifondazione-comunista"],"amp_validity":null,"amp_enabled":true,"_links":{"self":[{"href":"https:\/\/staging.ivg.it\/ediapi\/wp\/v2\/posts\/281864","targetHints":{"allow":["GET"]}}],"collection":[{"href":"https:\/\/staging.ivg.it\/ediapi\/wp\/v2\/posts"}],"about":[{"href":"https:\/\/staging.ivg.it\/ediapi\/wp\/v2\/types\/post"}],"author":[{"embeddable":true,"href":"https:\/\/staging.ivg.it\/ediapi\/wp\/v2\/users\/11917"}],"replies":[{"embeddable":true,"href":"https:\/\/staging.ivg.it\/ediapi\/wp\/v2\/comments?post=281864"}],"version-history":[{"count":0,"href":"https:\/\/staging.ivg.it\/ediapi\/wp\/v2\/posts\/281864\/revisions"}],"wp:attachment":[{"href":"https:\/\/staging.ivg.it\/ediapi\/wp\/v2\/media?parent=281864"}],"wp:term":[{"taxonomy":"category","embeddable":true,"href":"https:\/\/staging.ivg.it\/ediapi\/wp\/v2\/categories?post=281864"},{"taxonomy":"post_tag","embeddable":true,"href":"https:\/\/staging.ivg.it\/ediapi\/wp\/v2\/tags?post=281864"}],"curies":[{"name":"wp","href":"https:\/\/api.w.org\/{rel}","templated":true}]}}