{"id":281549,"date":"2015-01-21T09:12:58","date_gmt":"2015-01-21T08:12:58","guid":{"rendered":"http:\/\/www.ivg.it\/?p=281549"},"modified":"2015-01-21T13:41:33","modified_gmt":"2015-01-21T12:41:33","slug":"meteo-inizia-nevicare-nellentroterra-disagi-sulla-a6","status":"publish","type":"post","link":"https:\/\/staging.ivg.it\/2015\/01\/meteo-inizia-nevicare-nellentroterra-disagi-sulla-a6\/","title":{"rendered":"Meteo: inizia a nevicare nell&#8217;entroterra, disagi sulla A6"},"content":{"rendered":"<p><strong>Provincia.<\/strong> Come preannunciato, la neve \u00e8 tornata nel savonese: per ora i primi fiocchi hanno iniziato ad imbiancare l&#8217;entroterra, anche se i previsori non escludono che durante la giornata il fenomeno possa spostarsi anche sulla costa. <strong>Nevica un po&#8217; in tutta la Valbormida<\/strong>: le immagini delle webcam rivelano che Altare e Carcare si stanno lentamente imbiancando, mentre <strong>a Calizzano, Mioglia, Urbe e Bormida la coltre bianca \u00e8 gi\u00e0 ben visibile<\/strong>. Lievemente pi\u00f9 tranquilla la situazione a Millesimo e Cairo Montenotte, dove la neve non si \u00e8 ancora attaccata.<\/p>\n<p>E la neve, come sempre, porta con s\u00e9 le problematiche legate al traffico. I <strong>primi disagi<\/strong> si iniziano gi\u00e0 a registrare <strong>sulla A6, dove un Tir si \u00e8 intraversato<\/strong> creando problemi al transito per qualche minuto. Per fortuna la situazione si \u00e8 gi\u00e0 risolta, ma l&#8217;attenzione resta alta in tutta la Valbormida, dove la vera perturbazione arriver\u00e0 nel pomeriggio con piogge e nevicate deboli o moderate sopra i 2-300 metri: secondo quanto previsto da Meteovalbormida sono <strong>previsti da 8 a 20 cm di neve a 400 metri di quota<\/strong>.<\/p>\n","protected":false},"excerpt":{"rendered":"<p>Provincia. Come preannunciato, la neve \u00e8 tornata nel savonese: per ora i primi fiocchi hanno iniziato ad imbiancare l&#8217;entroterra, anche se i previsori non escludono che durante la giornata il fenomeno possa spostarsi anche sulla costa. Nevica un po&#8217; in tutta la Valbormida: le immagini delle webcam rivelano che Altare e Carcare si stanno lentamente [&hellip;]<\/p>\n","protected":false},"author":10593,"featured_media":0,"comment_status":"open","ping_status":"closed","sticky":false,"template":"","format":"standard","meta":{"footnotes":""},"categories":[45296],"tags":[1085,590,652,598,820],"class_list":["post-281549","post","type-post","status-publish","format-standard","hentry","category-copertina","tag-a6","tag-autostrada","tag-meteo","tag-neve","tag-valbormida","post_cat_citta-bormida","post_cat_citta-cairo-montenotte","post_cat_citta-calizzano","post_cat_citta-carcare","post_cat_citta-cengio","post_cat_citta-cosseria","post_cat_citta-dego","post_cat_citta-millesimo","post_cat_citta-mioglia","post_cat_citta-osiglia","post_cat_citta-pallare","post_cat_citta-pontinvrea","post_cat_citta-roccavignale","post_cat_citta-sassello","post_cat_citta-urbe"],"amp_validity":null,"amp_enabled":true,"_links":{"self":[{"href":"https:\/\/staging.ivg.it\/ediapi\/wp\/v2\/posts\/281549","targetHints":{"allow":["GET"]}}],"collection":[{"href":"https:\/\/staging.ivg.it\/ediapi\/wp\/v2\/posts"}],"about":[{"href":"https:\/\/staging.ivg.it\/ediapi\/wp\/v2\/types\/post"}],"author":[{"embeddable":true,"href":"https:\/\/staging.ivg.it\/ediapi\/wp\/v2\/users\/10593"}],"replies":[{"embeddable":true,"href":"https:\/\/staging.ivg.it\/ediapi\/wp\/v2\/comments?post=281549"}],"version-history":[{"count":0,"href":"https:\/\/staging.ivg.it\/ediapi\/wp\/v2\/posts\/281549\/revisions"}],"wp:attachment":[{"href":"https:\/\/staging.ivg.it\/ediapi\/wp\/v2\/media?parent=281549"}],"wp:term":[{"taxonomy":"category","embeddable":true,"href":"https:\/\/staging.ivg.it\/ediapi\/wp\/v2\/categories?post=281549"},{"taxonomy":"post_tag","embeddable":true,"href":"https:\/\/staging.ivg.it\/ediapi\/wp\/v2\/tags?post=281549"}],"curies":[{"name":"wp","href":"https:\/\/api.w.org\/{rel}","templated":true}]}}