{"id":281310,"date":"2015-01-17T16:04:45","date_gmt":"2015-01-17T15:04:45","guid":{"rendered":"http:\/\/www.ivg.it\/?p=281310"},"modified":"2015-01-18T16:50:34","modified_gmt":"2015-01-18T15:50:34","slug":"calcio-il-savona-fa-visita-alla-spal-aloisi-siamo-pronti-ce-un-tabu-trasferta-da-sfatare","status":"publish","type":"post","link":"https:\/\/staging.ivg.it\/2015\/01\/calcio-il-savona-fa-visita-alla-spal-aloisi-siamo-pronti-ce-un-tabu-trasferta-da-sfatare\/","title":{"rendered":"Calcio, il Savona fa visita alla Spal. Aloisi: &#8220;Siamo pronti, c&#8217;\u00e8 un tab\u00f9 trasferta da sfatare&#8221;"},"content":{"rendered":"<p><strong>Savona<\/strong>. Il Savona domani scender\u00e0 in campo a Ferrara, contro una Spal partita con ben altre ambizioni e costretta a vincere per non rimanere definitivamente invischiata nella zona bassa di graduatoria. I biancobl\u00f9, orfani del lungodegente Marchetti e di Speranza, sono comunque pronti.<\/p>\n<p>&#8220;Troveremo un ambiente ostile &#8211; sottolinea Antonio Aloisi -. Ma non sono preoccupato: sotto il profilo della concentrazione e della cattiveria agonistica la mia squadra c&#8217;\u00e8. La Spal non vince in casa da settembre? E&#8217; vero anche che il Savona non ha mai vinto a Ferrara: c&#8217;\u00e8 un tab\u00f9 trasferta da sfatare, dunque&#8221;.<\/p>\n<p>In settimana sono arrivati tre rinforzi a centrocampo. Giocheranno? &#8220;Sono arrivati i giocatori con le caratteristiche che ci servivano &#8211; dice l&#8217;allenatore -. Nei tre giorni di allenamento abbiamo cercato di capire chi poteva essere gi\u00e0 pronto e qualcuno scender\u00e0 sicuramente in campo. Cos\u00ec come sar\u00e0 del match Ficagna, che potr\u00e0 dare un grosso aiuto alla difesa&#8221;.<\/p>\n<p>I nuovi arrivi hanno dato la sensazione che il Savona voglia salvarsi. &#8220;Il Savona ha passato un momento difficile a livello mentale &#8211; afferma Aloisi -. Sembrava che si stesse frantumando tutto. Ma non era vero niente: io ho avuto un costante dialogo col direttore dell&#8217;area tecnica Barghigiani e col consulente Ceniccola: non ho mai avuto la sensazione che si stesse distruggendo qualcosa, anzi c&#8217;era la ferma volont\u00e0 di costruire e migliorare una squadra con l&#8217;innesto di ragazzi di cui conoscevamo bene le caratteristiche. Ringrazio la societ\u00e0 che si \u00e8 mossa in accordo con le mie idee&#8221;.<\/p>\n<p>Capitolo formazione. Ci sono assenti? &#8220;Non ci sar\u00e0 il lungodegente Marchetti, a cui si \u00e8 aggiunto il forfait di Speranza, bloccato a letto con trentotto e mezzo di febbre &#8211; spiega il mister -. In quel ruolo inventeremo qualcosa, perch\u00e9 gli unici mancini in rosa sono Marconi e De Feo, che per\u00f2 \u00e8 un attaccante&#8221;.<\/p>\n<p>La Spal semba essersi rinforzata sul mercato di gennaio. &#8220;E&#8217; vero, sono arrivati Zigoni, Cottafava, Nava. Soprattutto a centrocampo, per\u00f2, sono messi bene, con Togni che organizza il gioco e due mezzali con corsa e fisicit\u00e0. Abbiamo studiato delle mosse per contrastarli in quella zona del campo &#8211; conclude Aloisi -. Ripeto: siamo pronti&#8221;.<\/p>\n<p>Ecco la lista del diciannove giocatori scelti dallo staff tecnico: Addario, Rossini, Antonelli, Galimberti, Cabeccia, Marconi, Ficagna, Russo, Carta, Giorgione, Casarini, Morosini, Gemignani, Taddei, Demartis, De Feo, Spadafora, Bianconi, Scappini.<\/p>\n<p>Nel frattempo si annotano due movimenti per il settore giovanile del Savona. Il difensore centrale Fabio Teodoro, classe 1996, capitano della Berretti, passa in prestito al Quiliano. Arriva invece il capitano del Giovanissimi della Cairese, Fabio Moretti, classe 2000, che andr\u00e0 a rinforzare la compagine dei Giovanissimi nazionali.<\/p>\n<p>&#8220;Due movimenti importanti &#8211; osserva il responsabile del settore giovanile biancobl\u00f9, Giancarlo Riolfo -, perch\u00e9 testimoniano gli ottimi rapporti con le societ\u00e0 della provincia. Teodoro si \u00e8 gi\u00e0 allenato con la prima squadra, ha fatto parte del ritiro a Chiusa Pesio e al Quiliano in Eccellenza potr\u00e0 fare molto bene. Moretti \u00e8 un ottimo giocatore, che potr\u00e0 confrontarsi nell&#8217;importante palcoscenico del Giovanissimi nazionali contro formazioni professionistiche di Serie A e Serie B, inserito in una squadra gi\u00e0 in netta crescita&#8221;.<\/p>\n","protected":false},"excerpt":{"rendered":"<p>Savona. Il Savona domani scender\u00e0 in campo a Ferrara, contro una Spal partita con ben altre ambizioni e costretta a vincere per non rimanere definitivamente invischiata nella zona bassa di graduatoria. I biancobl\u00f9, orfani del lungodegente Marchetti e di Speranza, sono comunque pronti. &#8220;Troveremo un ambiente ostile &#8211; sottolinea Antonio Aloisi -. Ma non sono [&hellip;]<\/p>\n","protected":false},"author":18,"featured_media":0,"comment_status":"open","ping_status":"closed","sticky":false,"template":"","format":"standard","meta":{"footnotes":""},"categories":[45296,1578,32],"tags":[60467,85989,24481,85850,86042,9655,57594],"class_list":["post-281310","post","type-post","status-publish","format-standard","hentry","category-copertina","category-savona-calcio","category-sport","tag-antonio-aloisi","tag-calcio","tag-lega-pro","tag-savona","tag-savona-calcio","tag-savona-fbc","tag-spal","post_cat_citta-savona"],"amp_validity":null,"amp_enabled":true,"_links":{"self":[{"href":"https:\/\/staging.ivg.it\/ediapi\/wp\/v2\/posts\/281310","targetHints":{"allow":["GET"]}}],"collection":[{"href":"https:\/\/staging.ivg.it\/ediapi\/wp\/v2\/posts"}],"about":[{"href":"https:\/\/staging.ivg.it\/ediapi\/wp\/v2\/types\/post"}],"author":[{"embeddable":true,"href":"https:\/\/staging.ivg.it\/ediapi\/wp\/v2\/users\/18"}],"replies":[{"embeddable":true,"href":"https:\/\/staging.ivg.it\/ediapi\/wp\/v2\/comments?post=281310"}],"version-history":[{"count":0,"href":"https:\/\/staging.ivg.it\/ediapi\/wp\/v2\/posts\/281310\/revisions"}],"wp:attachment":[{"href":"https:\/\/staging.ivg.it\/ediapi\/wp\/v2\/media?parent=281310"}],"wp:term":[{"taxonomy":"category","embeddable":true,"href":"https:\/\/staging.ivg.it\/ediapi\/wp\/v2\/categories?post=281310"},{"taxonomy":"post_tag","embeddable":true,"href":"https:\/\/staging.ivg.it\/ediapi\/wp\/v2\/tags?post=281310"}],"curies":[{"name":"wp","href":"https:\/\/api.w.org\/{rel}","templated":true}]}}