{"id":281299,"date":"2015-01-17T13:53:39","date_gmt":"2015-01-17T12:53:39","guid":{"rendered":"http:\/\/www.ivg.it\/?p=281299"},"modified":"2015-01-17T13:55:10","modified_gmt":"2015-01-17T12:55:10","slug":"rifondazione-comunista-eletto-il-nuovo-segretario-provinciale-primarie-lungimirante-non-prendervi-parte","status":"publish","type":"post","link":"https:\/\/staging.ivg.it\/2015\/01\/rifondazione-comunista-eletto-il-nuovo-segretario-provinciale-primarie-lungimirante-non-prendervi-parte\/","title":{"rendered":"Rifondazione Comunista, eletto il nuovo segretario provinciale: &#8220;Primarie, lungimirante non prendervi parte&#8221;"},"content":{"rendered":"<p><strong>Savona.<\/strong> &#8220;In questi mesi abbiamo assistito a molti cambiamenti nella politica locale, soprattutto sul livello regionale&#8221;. Marco Ravera, segretario regionale di Rifondazione Comunista, comincia cos\u00ec la sua presentazione della candidatura di\u00a0<b>Fabrizio Ferraro<\/b>\u00a0quale nuovo segretario provinciale del Partito.<\/p>\n<p>&#8220;Fabrizio \u00e8 pi\u00f9 giovane di me e la sinistra ha bisogno di giovani &#8211; prosegue Ravera &#8211; Ne ha bisogno soprattutto Rifondazione Comunista. Per questo va ringraziato due volte: per aver accettato l&#8217;incarico che oggi gli mettiamo sulle spalle e per averlo accettato come giovane che ha potuto verificare in queste settimane la velocit\u00e0 con cui cambiano in politica le dinamiche, le prospettive, gli scenari&#8221;.<\/p>\n<p>Il Comitato politico federale di Savona gli tributa un lungo applauso quando viene proclamato <strong>eletto con 19 voti su 20<\/strong>.\u00a0&#8220;Continueremo nel solco delle lotte che abbiamo fatto fino ad oggi &#8211; esordisce il neosegretario di Rifondazione &#8211; \u00a0Non ne abbandoneremo nessuna. Anzi, cercheremo di individuarne nuove da sviluppare sui territori. Il lavoro su Savona \u00e8 importante ma vogliamo migliorare la nostra presenza nel resto della provincia e per questo continueremo gli incontri sia con i circoli territoriali del PRC sia con le realt\u00e0 di movimento che si sono fatte avanti per difendere il lavoro, l&#8217;ambiente, la salute e ogni diritto che viene sempre pi\u00f9 spesso calpestato dagli interessi forti&#8221;.<\/p>\n<p><strong>Riguardo alle primarie<\/strong>, la sua opinione \u00e8 chiara: &#8220;Vedendo come si sono svolte e concluse, ho ancora pi\u00f9 ragione di pensare oggi che <strong>la scelta del PRC di non prendervi parte \u00e8 stata lungimirante<\/strong> e, al contempo, aver tenuta aperta una porta di dialogo con tutte le realt\u00e0 a sinistra del PD renziano consente oggi a Rifondazione di essere un soggetto in grado di esercitare un ruolo fattivo nella costruzione di una alternativa di sinistra in Liguria che vada a battere la concezione renziana della politica e della societ\u00e0 espressa da Raffaella Paita. Dobbiamo essere alternativi ora, perch\u00e9 ci sono praterie molto vaste a sinistra e noi dobbiamo occuparle&#8221;.<\/p>\n<p>Insieme a Fabrizio Ferraro, a guidare Rifondazione Comunista a Savona saranno i riconfermati\u00a0<b>Piera Barberis<\/b>\u00a0(tesoriera e responsabile feste),\u00a0<b>Valeria Ghiso\u00a0<\/b>(responsabile scuola),\u00a0<b>Silvio Pirotto<\/b>\u00a0(responsabile lavoro),\u00a0<b>Stefano Ressia<\/b>\u00a0(responsabile enti locali),<b>\u00a0Marco Sferini<\/b>\u00a0(responsabile organizzazione) e la &#8220;new entry&#8221;\u00a0<b>Alberto Sguerso<\/b>\u00a0del Coordinamento provinciale dei Giovani Comunisti a cui \u00e8 stata affidata la delega delle politiche sociali e dell&#8217;ambiente.<\/p>\n","protected":false},"excerpt":{"rendered":"<p>Savona. &#8220;In questi mesi abbiamo assistito a molti cambiamenti nella politica locale, soprattutto sul livello regionale&#8221;. Marco Ravera, segretario regionale di Rifondazione Comunista, comincia cos\u00ec la sua presentazione della candidatura di\u00a0Fabrizio Ferraro\u00a0quale nuovo segretario provinciale del Partito. &#8220;Fabrizio \u00e8 pi\u00f9 giovane di me e la sinistra ha bisogno di giovani &#8211; prosegue Ravera &#8211; Ne [&hellip;]<\/p>\n","protected":false},"author":10593,"featured_media":0,"comment_status":"open","ping_status":"closed","sticky":false,"template":"","format":"standard","meta":{"footnotes":""},"categories":[31],"tags":[366,367,85850],"class_list":["post-281299","post","type-post","status-publish","format-standard","hentry","category-politica","tag-marco-ravera","tag-rifondazione-comunista","tag-savona","post_cat_citta-savona"],"amp_validity":null,"amp_enabled":true,"_links":{"self":[{"href":"https:\/\/staging.ivg.it\/ediapi\/wp\/v2\/posts\/281299","targetHints":{"allow":["GET"]}}],"collection":[{"href":"https:\/\/staging.ivg.it\/ediapi\/wp\/v2\/posts"}],"about":[{"href":"https:\/\/staging.ivg.it\/ediapi\/wp\/v2\/types\/post"}],"author":[{"embeddable":true,"href":"https:\/\/staging.ivg.it\/ediapi\/wp\/v2\/users\/10593"}],"replies":[{"embeddable":true,"href":"https:\/\/staging.ivg.it\/ediapi\/wp\/v2\/comments?post=281299"}],"version-history":[{"count":0,"href":"https:\/\/staging.ivg.it\/ediapi\/wp\/v2\/posts\/281299\/revisions"}],"wp:attachment":[{"href":"https:\/\/staging.ivg.it\/ediapi\/wp\/v2\/media?parent=281299"}],"wp:term":[{"taxonomy":"category","embeddable":true,"href":"https:\/\/staging.ivg.it\/ediapi\/wp\/v2\/categories?post=281299"},{"taxonomy":"post_tag","embeddable":true,"href":"https:\/\/staging.ivg.it\/ediapi\/wp\/v2\/tags?post=281299"}],"curies":[{"name":"wp","href":"https:\/\/api.w.org\/{rel}","templated":true}]}}