{"id":281175,"date":"2015-01-15T15:03:38","date_gmt":"2015-01-15T14:03:38","guid":{"rendered":"http:\/\/www.ivg.it\/?p=281175"},"modified":"2015-01-15T17:07:54","modified_gmt":"2015-01-15T16:07:54","slug":"cattedrale-di-savona-terminato-il-restauro-del-tetto-tutto-pronto-per-la-presentazione","status":"publish","type":"post","link":"https:\/\/staging.ivg.it\/2015\/01\/cattedrale-di-savona-terminato-il-restauro-del-tetto-tutto-pronto-per-la-presentazione\/","title":{"rendered":"Cattedrale di Savona, terminato il restauro del tetto: tutto pronto per la presentazione"},"content":{"rendered":"<p><strong>Savona.<\/strong> Un intervento da oltre 1.200 mila euro, sostenuti in buona parte dalla Diocesi di Savona-Noli, per riportare agli antichi splendori il tetto della Cattedrale di N.S. Assunta. Ora il cantiere chiude ed \u00e8 tutto pronto per la presentazione alla cittadinanza. <\/p>\n<p>L&#8217;incontro avverr\u00e0 alle 21 di domani, venerd\u00ec 16 gennaio, presso il teatro Don Bosco in Via Piave. I Savonesi potranno cos\u00ec osservare in dettaglio i lavori e le fasi del cantiere che hanno interessato le coperture e la struttura portante realizzata con un&#8217;infinita serie di muricci in mattoni perpendicolari alla volta delle navate. Per l&#8217;occasione \u00e8 stato infatti preparato un filmato che segue passo passo le giornate di cantiere e tutte le attivit\u00e0 con la posa in opera di oltre 14 mila lastre di ardesia provenienti dalla cave di Cicagna (vicino a Chiavari) su una superficie di oltre 2.300 mq.<\/p>\n<p>L&#8217;intervento ha inoltre previsto la posa in opera di nuova lattoneria, la sostituzione delle finestre della navata centrale e del transetto e l&#8217;installazione di un nuovo impianto per l&#8217;allontanamento dei volatili. Un lavoro necessario per conservare il ricco patrimonio storico-artistico presente all&#8217;interno dell&#8217;edificio.<\/p>\n","protected":false},"excerpt":{"rendered":"<p>Savona. Un intervento da oltre 1.200 mila euro, sostenuti in buona parte dalla Diocesi di Savona-Noli, per riportare agli antichi splendori il tetto della Cattedrale di N.S. Assunta. Ora il cantiere chiude ed \u00e8 tutto pronto per la presentazione alla cittadinanza. L&#8217;incontro avverr\u00e0 alle 21 di domani, venerd\u00ec 16 gennaio, presso il teatro Don Bosco [&hellip;]<\/p>\n","protected":false},"author":11917,"featured_media":0,"comment_status":"open","ping_status":"closed","sticky":false,"template":"","format":"standard","meta":{"footnotes":""},"categories":[45296],"tags":[538,85850],"class_list":["post-281175","post","type-post","status-publish","format-standard","hentry","category-copertina","tag-cattedrale","tag-savona","post_cat_citta-savona"],"amp_validity":null,"amp_enabled":true,"_links":{"self":[{"href":"https:\/\/staging.ivg.it\/ediapi\/wp\/v2\/posts\/281175","targetHints":{"allow":["GET"]}}],"collection":[{"href":"https:\/\/staging.ivg.it\/ediapi\/wp\/v2\/posts"}],"about":[{"href":"https:\/\/staging.ivg.it\/ediapi\/wp\/v2\/types\/post"}],"author":[{"embeddable":true,"href":"https:\/\/staging.ivg.it\/ediapi\/wp\/v2\/users\/11917"}],"replies":[{"embeddable":true,"href":"https:\/\/staging.ivg.it\/ediapi\/wp\/v2\/comments?post=281175"}],"version-history":[{"count":0,"href":"https:\/\/staging.ivg.it\/ediapi\/wp\/v2\/posts\/281175\/revisions"}],"wp:attachment":[{"href":"https:\/\/staging.ivg.it\/ediapi\/wp\/v2\/media?parent=281175"}],"wp:term":[{"taxonomy":"category","embeddable":true,"href":"https:\/\/staging.ivg.it\/ediapi\/wp\/v2\/categories?post=281175"},{"taxonomy":"post_tag","embeddable":true,"href":"https:\/\/staging.ivg.it\/ediapi\/wp\/v2\/tags?post=281175"}],"curies":[{"name":"wp","href":"https:\/\/api.w.org\/{rel}","templated":true}]}}