{"id":280854,"date":"2015-01-11T16:24:37","date_gmt":"2015-01-11T15:24:37","guid":{"rendered":"http:\/\/www.ivg.it\/?p=280854"},"modified":"2015-01-11T21:42:24","modified_gmt":"2015-01-11T20:42:24","slug":"piaggio-aerospace-burlando-azienda-salva-obbiettivo-piena-occupazione-per-tutti-lavoratori","status":"publish","type":"post","link":"https:\/\/staging.ivg.it\/2015\/01\/piaggio-aerospace-burlando-azienda-salva-obbiettivo-piena-occupazione-per-tutti-lavoratori\/","title":{"rendered":"Piaggio Aerospace, Burlando: &#8220;Azienda salva, obbiettivo piena occupazione per tutti i lavoratori&#8221;"},"content":{"rendered":"<p><strong>Villanova d&#8217;Albenga. <\/strong> &#8220;Abbiamo a lungo temuto di perdere questa fabbrica storica. E invece l&#8217;azienda si \u00e8 salvata e punta anche su una nuova produzione ad altissima tecnologia&#8221;. Claudio Burlando, presidente della Regione Liguria, interviene sul tema Piaggio, dopo mesi &#8220;caldi&#8221; tra scioperi e trattative. <\/p>\n<p>&#8220;Da novembre &#8211; scrive sulla propria pagina Facebook &#8211; \u00e8 operativo il nuovo stabilimento di Villanova d&#8217;Albenga, dove \u00e8 gi\u00e0 stato trasferito il personale operativo di Finale e il personale di staff di Genova. Ad aprile aprir\u00e0 ad Albenga un nuovo sito produttivo di Laer, cui Piaggio ha deciso di esternalizzare una parte delle lavorazioni. Sono cominciati i colloqui con i lavoratori di Finale da trasferire a Laer&#8221;.<\/p>\n<p>&#8220;A Sestri Ponente rimarr\u00e0 un importante centro di manutenzione e a fine mese cominceranno i colloqui con i lavoratori da trasferire a Villanova in Piaggio e ad Albenga in Laer. A fine febbraio avremo un quadro chiaro dei livelli occupazionali a fine piano nei tre siti di Villanova, Genova e Albenga. Utilizzando un periodo di ammortizzatori sociali, ci poniamo l\u2019obiettivo di avere a regime la piena occupazione per tutti i lavoratori&#8221;.<\/p>\n","protected":false},"excerpt":{"rendered":"<p>Villanova d&#8217;Albenga. &#8220;Abbiamo a lungo temuto di perdere questa fabbrica storica. E invece l&#8217;azienda si \u00e8 salvata e punta anche su una nuova produzione ad altissima tecnologia&#8221;. Claudio Burlando, presidente della Regione Liguria, interviene sul tema Piaggio, dopo mesi &#8220;caldi&#8221; tra scioperi e trattative. &#8220;Da novembre &#8211; scrive sulla propria pagina Facebook &#8211; \u00e8 operativo [&hellip;]<\/p>\n","protected":false},"author":11917,"featured_media":0,"comment_status":"open","ping_status":"closed","sticky":false,"template":"","format":"standard","meta":{"footnotes":""},"categories":[45296,35],"tags":[284,58854],"class_list":["post-280854","post","type-post","status-publish","format-standard","hentry","category-copertina","category-economia","tag-claudio-burlando","tag-piaggio-aerospace","post_cat_citta-villanova-dalbenga"],"amp_validity":null,"amp_enabled":true,"_links":{"self":[{"href":"https:\/\/staging.ivg.it\/ediapi\/wp\/v2\/posts\/280854","targetHints":{"allow":["GET"]}}],"collection":[{"href":"https:\/\/staging.ivg.it\/ediapi\/wp\/v2\/posts"}],"about":[{"href":"https:\/\/staging.ivg.it\/ediapi\/wp\/v2\/types\/post"}],"author":[{"embeddable":true,"href":"https:\/\/staging.ivg.it\/ediapi\/wp\/v2\/users\/11917"}],"replies":[{"embeddable":true,"href":"https:\/\/staging.ivg.it\/ediapi\/wp\/v2\/comments?post=280854"}],"version-history":[{"count":0,"href":"https:\/\/staging.ivg.it\/ediapi\/wp\/v2\/posts\/280854\/revisions"}],"wp:attachment":[{"href":"https:\/\/staging.ivg.it\/ediapi\/wp\/v2\/media?parent=280854"}],"wp:term":[{"taxonomy":"category","embeddable":true,"href":"https:\/\/staging.ivg.it\/ediapi\/wp\/v2\/categories?post=280854"},{"taxonomy":"post_tag","embeddable":true,"href":"https:\/\/staging.ivg.it\/ediapi\/wp\/v2\/tags?post=280854"}],"curies":[{"name":"wp","href":"https:\/\/api.w.org\/{rel}","templated":true}]}}