{"id":280509,"date":"2015-01-06T00:39:02","date_gmt":"2015-01-05T23:39:02","guid":{"rendered":"http:\/\/www.ivg.it\/?p=280509"},"modified":"2015-01-06T00:39:02","modified_gmt":"2015-01-05T23:39:02","slug":"calcio-il-savona-ospita-la-pistoiese-aloisi-abbiamo-le-idee-molto-chiare","status":"publish","type":"post","link":"https:\/\/staging.ivg.it\/2015\/01\/calcio-il-savona-ospita-la-pistoiese-aloisi-abbiamo-le-idee-molto-chiare\/","title":{"rendered":"Calcio, il Savona ospita la Pistoiese. Aloisi: &#8220;Abbiamo le idee molto chiare&#8221;"},"content":{"rendered":"<p><strong>Savona<\/strong>. Mancano poche ore alla sfida tra Savona e Pistoiese, ultima di andata del torneo di Lega Pro ed esordio casalingo per il neo mister Antonio Aloisi. Nella conferenza stampa \u00e8 stato anche presentato il tecnico in seconda e preparatore dei portieri, Stefano Grilli.<\/p>\n<p>&#8220;Alla mia et\u00e0 \u00e8 difficile essere emozionati &#8211; scherza Aloisi -. C&#8217;\u00e8 per\u00f2 molta attesa per questa partita, che crescer\u00e0 fino al fischio di inizio. Poi subentrer\u00e0 la voglia di far bene: le idee su come dovremo affrontare il match sono molto chiare&#8221;.<\/p>\n<p>&#8220;Dovremo fare noi la partita &#8211; continua Aloisi -, pronti anche a cambiare schema di gioco a match in corso, se necessario. Pi\u00f9 che preoccuparci dell&#8217;avversario, sono concentrato soprattutto sui miei ragazzi e a quello che dovremo fare in campo. Ho visto molta voglia negli ultimi allenamenti dopo la ripresa. Mi attendo una risposta positiva&#8221;.<\/p>\n<p>&#8220;Certo la Pistoiese ha un ottimo impianto di gioco: un 4-3-3 con due attaccanti esterni di qualit\u00e0 come Falzerano e Piscitella, anche sulla fasce spingono molto, specie con Frascatore a sinistra. Ma, ripeto, non dobbiamo pensare tanto agli altri&#8221;.<\/p>\n<p>Ultimo appunto sulla formazione. &#8220;C&#8217;\u00e8 l&#8217;assenza dell&#8217;ultimo minuto di Casarini, che ha 39 di febbre. Bianconi \u00e8 finito all&#8217;ospedale per una botta alla tibia, mentre di Marchetti gi\u00e0 sapevamo&#8221;.<\/p>\n<p>Si presenta anche Stefano Grilli. &#8220;Ritrovo un amico &#8211; dice -. Ho conosciuto Aloisi a Reggio Calabria e sono qui per dargli una mano, con tanta voglia di far bene. Arrivare a campionato in corso non \u00e8 semplice: all&#8217;inizio si cerca di cambiare il meno possibile e, soprattutto, di prendere bene visione della rosa a disposizione. Tutti i ragazzi si sono messi in gioco per dimostrare il loro valore, questo ci ha fatto molto piacere perch\u00e8 aumentano le possibilit\u00e0 di scelta. A livello di preparazione cambieremo qualcosa, lavorando un po&#8217; pi\u00f9 sulla forza&#8221;.<\/p>\n","protected":false},"excerpt":{"rendered":"<p>Savona. Mancano poche ore alla sfida tra Savona e Pistoiese, ultima di andata del torneo di Lega Pro ed esordio casalingo per il neo mister Antonio Aloisi. Nella conferenza stampa \u00e8 stato anche presentato il tecnico in seconda e preparatore dei portieri, Stefano Grilli. &#8220;Alla mia et\u00e0 \u00e8 difficile essere emozionati &#8211; scherza Aloisi -. [&hellip;]<\/p>\n","protected":false},"author":18,"featured_media":0,"comment_status":"open","ping_status":"closed","sticky":false,"template":"","format":"standard","meta":{"footnotes":""},"categories":[45296,1578,32],"tags":[60467,85989,24481,85850,86042,9655],"class_list":["post-280509","post","type-post","status-publish","format-standard","hentry","category-copertina","category-savona-calcio","category-sport","tag-antonio-aloisi","tag-calcio","tag-lega-pro","tag-savona","tag-savona-calcio","tag-savona-fbc","post_cat_citta-savona"],"amp_validity":null,"amp_enabled":true,"_links":{"self":[{"href":"https:\/\/staging.ivg.it\/ediapi\/wp\/v2\/posts\/280509","targetHints":{"allow":["GET"]}}],"collection":[{"href":"https:\/\/staging.ivg.it\/ediapi\/wp\/v2\/posts"}],"about":[{"href":"https:\/\/staging.ivg.it\/ediapi\/wp\/v2\/types\/post"}],"author":[{"embeddable":true,"href":"https:\/\/staging.ivg.it\/ediapi\/wp\/v2\/users\/18"}],"replies":[{"embeddable":true,"href":"https:\/\/staging.ivg.it\/ediapi\/wp\/v2\/comments?post=280509"}],"version-history":[{"count":0,"href":"https:\/\/staging.ivg.it\/ediapi\/wp\/v2\/posts\/280509\/revisions"}],"wp:attachment":[{"href":"https:\/\/staging.ivg.it\/ediapi\/wp\/v2\/media?parent=280509"}],"wp:term":[{"taxonomy":"category","embeddable":true,"href":"https:\/\/staging.ivg.it\/ediapi\/wp\/v2\/categories?post=280509"},{"taxonomy":"post_tag","embeddable":true,"href":"https:\/\/staging.ivg.it\/ediapi\/wp\/v2\/tags?post=280509"}],"curies":[{"name":"wp","href":"https:\/\/api.w.org\/{rel}","templated":true}]}}