{"id":280258,"date":"2014-12-31T17:02:29","date_gmt":"2014-12-31T16:02:29","guid":{"rendered":"http:\/\/www.ivg.it\/?p=280258"},"modified":"2015-01-02T12:00:40","modified_gmt":"2015-01-02T11:00:40","slug":"cisano-sul-neva-sindaco-niero-nessuna-emergenza-rifiuti-dietro-lallarme-un-gioco-politico","status":"publish","type":"post","link":"https:\/\/staging.ivg.it\/2014\/12\/cisano-sul-neva-sindaco-niero-nessuna-emergenza-rifiuti-dietro-lallarme-un-gioco-politico\/","title":{"rendered":"Cisano Sul Neva, sindaco Niero: &#8220;Nessuna emergenza rifiuti, dietro l&#8217;allarme un gioco politico&#8221;"},"content":{"rendered":"<p><strong>Cisano Sul Neva.<\/strong> &#8220;Basta ascoltare i concittadini: Cisano non \u00e8 mai stata cos\u00ec pulita&#8221;. Dopo l&#8217;allarme emergenza rifiuti sollevata poche ore fa presso il Villaggio Ver.Sol.Mar. da Facciamo Cisano, il sindaco Massimo Niero smentisce categoricamente qualsiasi problema e replica duramente.  <\/p>\n<p>&#8220;E&#8217; semplicemente falso &#8211; spiega &#8211; che il condominio abbia chiesto un incontro con la pubblica amministrazione. Io sono in contatto settimanalmente con l&#8217;amministratore e smentisco categoricamente che sia arrivata una richiesta ufficiale in tal senso. Cos\u00ec come che vi sia una qualsiasi problematica dal punto di vista igienico-sanitario&#8221;. <\/p>\n<p>Il disagio dei giorni scorsi, prosegue il primo cittadino, &#8220;\u00e8 dovuto a problemi logistici di Aimeri&#8221;. La societ\u00e0 che si occupa della raccolta dei rifiuti, infatti, ha comunicato all&#8217;amministrazione poco prima delle festivit\u00e0 natalizie &#8220;che non avrebbe pi\u00f9 potuto prelevare i rifiuti all&#8217;interno del condominio perch\u00e9 mancano gli spazi di manovra per i mezzi. Prima l&#8217;azienda disponeva infatti di un mezzo pi\u00f9 piccolo che ora non ha pi\u00f9&#8221;.<\/p>\n<p>Rimane quindi da organizzare una soluzione alternativa. &#8220;Abbiamo cercato &#8211; spiega il sindaco &#8211; un luogo adatto dove trasferire i cassonetti, purtroppo non c&#8217;\u00e8 stato tempo per completare l&#8217;opera prima delle feste. Ma proprio il 2 gennaio prossimo avverr\u00e0 un sopralluogo assieme ad Aimeri per risolvere la questione&#8221;. <\/p>\n<p>&#8220;Nessun allarme spazzatura quindi &#8211; conclude il primo cittadino &#8211; e anzi da questa vicenda emerge il fatto che si sia trattato solamente di un gioco politico. Sottolineo infine che la nostra \u00e8 un&#8217;amministrazione nata da una lista civica, anche se il sottoscritto \u00e8 iscritto al Pd e non lo ha mai nascosto&#8221;.<\/p>\n","protected":false},"excerpt":{"rendered":"<p>Cisano Sul Neva. &#8220;Basta ascoltare i concittadini: Cisano non \u00e8 mai stata cos\u00ec pulita&#8221;. Dopo l&#8217;allarme emergenza rifiuti sollevata poche ore fa presso il Villaggio Ver.Sol.Mar. da Facciamo Cisano, il sindaco Massimo Niero smentisce categoricamente qualsiasi problema e replica duramente. &#8220;E&#8217; semplicemente falso &#8211; spiega &#8211; che il condominio abbia chiesto un incontro con la [&hellip;]<\/p>\n","protected":false},"author":11917,"featured_media":0,"comment_status":"open","ping_status":"closed","sticky":false,"template":"","format":"standard","meta":{"footnotes":""},"categories":[45296,31],"tags":[85899,54099,498],"class_list":["post-280258","post","type-post","status-publish","format-standard","hentry","category-copertina","category-politica","tag-cisano-sul-neva","tag-massimo-niero","tag-rifiuti","post_cat_citta-cisano-sul-neva"],"amp_validity":null,"amp_enabled":true,"_links":{"self":[{"href":"https:\/\/staging.ivg.it\/ediapi\/wp\/v2\/posts\/280258","targetHints":{"allow":["GET"]}}],"collection":[{"href":"https:\/\/staging.ivg.it\/ediapi\/wp\/v2\/posts"}],"about":[{"href":"https:\/\/staging.ivg.it\/ediapi\/wp\/v2\/types\/post"}],"author":[{"embeddable":true,"href":"https:\/\/staging.ivg.it\/ediapi\/wp\/v2\/users\/11917"}],"replies":[{"embeddable":true,"href":"https:\/\/staging.ivg.it\/ediapi\/wp\/v2\/comments?post=280258"}],"version-history":[{"count":0,"href":"https:\/\/staging.ivg.it\/ediapi\/wp\/v2\/posts\/280258\/revisions"}],"wp:attachment":[{"href":"https:\/\/staging.ivg.it\/ediapi\/wp\/v2\/media?parent=280258"}],"wp:term":[{"taxonomy":"category","embeddable":true,"href":"https:\/\/staging.ivg.it\/ediapi\/wp\/v2\/categories?post=280258"},{"taxonomy":"post_tag","embeddable":true,"href":"https:\/\/staging.ivg.it\/ediapi\/wp\/v2\/tags?post=280258"}],"curies":[{"name":"wp","href":"https:\/\/api.w.org\/{rel}","templated":true}]}}