{"id":280228,"date":"2014-12-30T18:03:48","date_gmt":"2014-12-30T17:03:48","guid":{"rendered":"http:\/\/www.ivg.it\/?p=280228"},"modified":"2014-12-30T18:03:48","modified_gmt":"2014-12-30T17:03:48","slug":"andora-domani-apertura-parziale-della-strada-per-duomo","status":"publish","type":"post","link":"https:\/\/staging.ivg.it\/2014\/12\/andora-domani-apertura-parziale-della-strada-per-duomo\/","title":{"rendered":"Andora, domani apertura parziale della strada per Duomo"},"content":{"rendered":"<p><strong>Andora.<\/strong> Apertura parziale ed a tempo di record della strada che conduce in localit\u00e0 Duomo: ad annunciarlo \u00e8 il consigliere delegato alle frazioni Ilario Simonetta.<\/p>\n<p>&#8220;Nel primo pomeriggio di domani, sar\u00e0 possibile attivare un collegamento con la zona rimasta isolata a causa dei danni provocati dalle forti piogge cadute a novembre &#8211; spiega Simonetta &#8211; E&#8217; stato, infatti, completato il lavoro di messa in sicurezza della zona a monte della strada che verr\u00e0 collegata provvisoriamente con la vecchia strada per Duomo, percorribile con piccoli mezzi e utilitarie&#8221;. <\/p>\n<p>I lavori riprenderanno dopo il 6 gennaio, ed a tempo di record, vista anche la complessit\u00e0 dell&#8217;intervento effettuato, sar\u00e0 completato il rifacimento dell&#8217;intero tratto di strada. &#8220;Un intervento particolarmente complicato perch\u00e8 \u00e8 stato necessario rifondare il muro di sostegno della strada direttamente nel rio, realizzare l&#8217;asfaltatura completa e la sistemazione del nuovo guard rail&#8221;, conclude Ilario Simonetta.<\/p>\n","protected":false},"excerpt":{"rendered":"<p>Andora. Apertura parziale ed a tempo di record della strada che conduce in localit\u00e0 Duomo: ad annunciarlo \u00e8 il consigliere delegato alle frazioni Ilario Simonetta. &#8220;Nel primo pomeriggio di domani, sar\u00e0 possibile attivare un collegamento con la zona rimasta isolata a causa dei danni provocati dalle forti piogge cadute a novembre &#8211; spiega Simonetta &#8211; [&hellip;]<\/p>\n","protected":false},"author":10593,"featured_media":0,"comment_status":"open","ping_status":"closed","sticky":false,"template":"","format":"standard","meta":{"footnotes":""},"categories":[],"tags":[85847],"class_list":["post-280228","post","type-post","status-publish","format-standard","hentry","tag-andora"],"amp_validity":null,"amp_enabled":true,"_links":{"self":[{"href":"https:\/\/staging.ivg.it\/ediapi\/wp\/v2\/posts\/280228","targetHints":{"allow":["GET"]}}],"collection":[{"href":"https:\/\/staging.ivg.it\/ediapi\/wp\/v2\/posts"}],"about":[{"href":"https:\/\/staging.ivg.it\/ediapi\/wp\/v2\/types\/post"}],"author":[{"embeddable":true,"href":"https:\/\/staging.ivg.it\/ediapi\/wp\/v2\/users\/10593"}],"replies":[{"embeddable":true,"href":"https:\/\/staging.ivg.it\/ediapi\/wp\/v2\/comments?post=280228"}],"version-history":[{"count":0,"href":"https:\/\/staging.ivg.it\/ediapi\/wp\/v2\/posts\/280228\/revisions"}],"wp:attachment":[{"href":"https:\/\/staging.ivg.it\/ediapi\/wp\/v2\/media?parent=280228"}],"wp:term":[{"taxonomy":"category","embeddable":true,"href":"https:\/\/staging.ivg.it\/ediapi\/wp\/v2\/categories?post=280228"},{"taxonomy":"post_tag","embeddable":true,"href":"https:\/\/staging.ivg.it\/ediapi\/wp\/v2\/tags?post=280228"}],"curies":[{"name":"wp","href":"https:\/\/api.w.org\/{rel}","templated":true}]}}