{"id":280215,"date":"2014-12-30T16:10:21","date_gmt":"2014-12-30T15:10:21","guid":{"rendered":"http:\/\/www.ivg.it\/?p=280215"},"modified":"2014-12-30T19:38:36","modified_gmt":"2014-12-30T18:38:36","slug":"quiliano-interventi-sulla-viabilita-comunale-anche-collaborazione-tra-comune-e-cittadini","status":"publish","type":"post","link":"https:\/\/staging.ivg.it\/2014\/12\/quiliano-interventi-sulla-viabilita-comunale-anche-collaborazione-tra-comune-e-cittadini\/","title":{"rendered":"Quiliano: interventi sulla viabilit\u00e0 comunale, anche in collaborazione tra Comune e cittadini"},"content":{"rendered":"<p><strong>Quiliano.<\/strong> La giunta comunale quilianese ha approvato una serie di interventi per la messa in sicurezza della viabilit\u00e0 pubblica, per potenziare e tutelare la rete stradale comunale. Tra questi la realizzazione, in via Valletta Bonelli, di un cordolo lato valle, posto a protezione della strada ed ancorato al muro gi\u00e0 esistente, oltre alle posa di un tratto di barriera stradale e di ringhiera, con la completa asfaltatura del tratto di via interessato, del costo complessivo di 25 mila euro.<\/p>\n<p>&#8220;Questo intervento &#8211; spiega il sindaco Alberto Ferrando &#8211; completa quanto gi\u00e0 fatto sulla via XXV Aprile. Inoltre \u00e8 svolto in collaborazione con l&#8217;Acquedotto di Savona che predisporr\u00e0, nell&#8217;area dei lavori, la sostituzione preventiva della condotta idrica che alimenta le varie utenze&#8221;.<\/p>\n<p>&#8220;Inoltre &#8211; prosegue il primo cittadino quilianese &#8211; partiremo a breve con il primo stralcio dei lavori per la messa in sicurezza di via Chicchezza, una strada vicinale, per la regimazione delle acque nel tratto iniziale, in corrispondenza della borgata. Questo intervento prevede una collaborazione tra Comune e cittadini: infatti l&#8217;amministrazione fornir\u00e0 ai privati il materiale, mentre questi ultimi effettueranno l&#8217;intervento, secondo quanto concordato. Per il futuro intendiamo seguire questa direzione con la realizzazione di un Regolamento di gestione dei beni comuni, in via di approvazione&#8221;. In questo caso l&#8217;importo progettuale previsto \u00e8 di 9.615,10 euro.<\/p>\n<p>Infine \u00e8 prevista la sistemazione della strada &#8220;Pellegrini&#8221; in localit\u00e0 Capanne, frazione Cadibona, attraverso interventi di manutenzione ed ampliamento, per consentire l&#8217;accesso alla borgata da parte dei mezzi di soccorso. &#8220;Questo intervento &#8211; sottolinea Ferrando &#8211; vedr\u00e0 l&#8217;allargamento di via Pellegrini, nel tratto iniziale compreso tra il bivio con via Scarroni sino all&#8217;interno di localit\u00e0 Capanne. La spesa ammonter\u00e0 a 78 mila euro. Per fornteggiarla abbiamo gi\u00e0 richiesto alla Regione un finanziamento&#8221;.<\/p>\n","protected":false},"excerpt":{"rendered":"<p>Quiliano. La giunta comunale quilianese ha approvato una serie di interventi per la messa in sicurezza della viabilit\u00e0 pubblica, per potenziare e tutelare la rete stradale comunale. Tra questi la realizzazione, in via Valletta Bonelli, di un cordolo lato valle, posto a protezione della strada ed ancorato al muro gi\u00e0 esistente, oltre alle posa di [&hellip;]<\/p>\n","protected":false},"author":10593,"featured_media":0,"comment_status":"open","ping_status":"closed","sticky":false,"template":"","format":"standard","meta":{"footnotes":""},"categories":[],"tags":[6591,85860],"class_list":["post-280215","post","type-post","status-publish","format-standard","hentry","tag-alberto-ferrando","tag-quiliano","post_cat_citta-quiliano"],"amp_validity":null,"amp_enabled":true,"_links":{"self":[{"href":"https:\/\/staging.ivg.it\/ediapi\/wp\/v2\/posts\/280215","targetHints":{"allow":["GET"]}}],"collection":[{"href":"https:\/\/staging.ivg.it\/ediapi\/wp\/v2\/posts"}],"about":[{"href":"https:\/\/staging.ivg.it\/ediapi\/wp\/v2\/types\/post"}],"author":[{"embeddable":true,"href":"https:\/\/staging.ivg.it\/ediapi\/wp\/v2\/users\/10593"}],"replies":[{"embeddable":true,"href":"https:\/\/staging.ivg.it\/ediapi\/wp\/v2\/comments?post=280215"}],"version-history":[{"count":0,"href":"https:\/\/staging.ivg.it\/ediapi\/wp\/v2\/posts\/280215\/revisions"}],"wp:attachment":[{"href":"https:\/\/staging.ivg.it\/ediapi\/wp\/v2\/media?parent=280215"}],"wp:term":[{"taxonomy":"category","embeddable":true,"href":"https:\/\/staging.ivg.it\/ediapi\/wp\/v2\/categories?post=280215"},{"taxonomy":"post_tag","embeddable":true,"href":"https:\/\/staging.ivg.it\/ediapi\/wp\/v2\/tags?post=280215"}],"curies":[{"name":"wp","href":"https:\/\/api.w.org\/{rel}","templated":true}]}}