{"id":280167,"date":"2014-12-30T08:36:15","date_gmt":"2014-12-30T07:36:15","guid":{"rendered":"http:\/\/www.ivg.it\/?p=280167"},"modified":"2014-12-31T08:02:49","modified_gmt":"2014-12-31T07:02:49","slug":"primarie-caduta-per-cofferati-sara-operato-disdetti-alcuni-appuntamenti-ma-dal-3-gennaio-riprende-la-campagna-elettorale","status":"publish","type":"post","link":"https:\/\/staging.ivg.it\/2014\/12\/primarie-caduta-per-cofferati-sara-operato-disdetti-alcuni-appuntamenti-ma-dal-3-gennaio-riprende-la-campagna-elettorale\/","title":{"rendered":"Primarie: caduta per Cofferati, sar\u00e0 operato. Disdetti alcuni appuntamenti, ma dal 3 gennaio riprende la campagna elettorale"},"content":{"rendered":"<p><strong>Liguria.<\/strong> Brutta caduta e operazione alle porte per Sergio Cofferati, eurodeputato Pd in corsa alle primarie del centrosinistra in programma il prossimo 11 gennaio. <\/p>\n<p>L&#8217;infortunio \u00e8 avvenuto nei giorni scorsi sul ghiaccio di Cogne e gli ha provocato la frattura della spalla destra. Cofferati sar\u00e0 operato il 31 dicembre presso l&#8217;ospedale di Aosta.<\/p>\n<p>Sergio Cofferati \u00e8 uno dei tre candidati in lizza per guidare la coalizione di centrosinistra alle prossime elezioni regionali, contrapposto all&#8217;assessore regionale alle Infrastrutture Raffaella Paita e al rappresentante del Centro democratico Massimiliano Tovo. <\/p>\n<p>L&#8217;incidente lo ha costretto a disdire alcuni appuntamenti elettorali, ma il 3 gennaio torner\u00e0 a fare campagna elettorale. Il primo appuntamento previsto \u00e8 a Ventimiglia, occasione in cui si parler\u00e0 di legalit\u00e0 e sicurezza.<\/p>\n","protected":false},"excerpt":{"rendered":"<p>Liguria. Brutta caduta e operazione alle porte per Sergio Cofferati, eurodeputato Pd in corsa alle primarie del centrosinistra in programma il prossimo 11 gennaio. L&#8217;infortunio \u00e8 avvenuto nei giorni scorsi sul ghiaccio di Cogne e gli ha provocato la frattura della spalla destra. Cofferati sar\u00e0 operato il 31 dicembre presso l&#8217;ospedale di Aosta. Sergio Cofferati [&hellip;]<\/p>\n","protected":false},"author":11917,"featured_media":0,"comment_status":"open","ping_status":"closed","sticky":false,"template":"","format":"standard","meta":{"footnotes":""},"categories":[45296,31],"tags":[1697,197,43542,9740],"class_list":["post-280167","post","type-post","status-publish","format-standard","hentry","category-copertina","category-politica","tag-caduta","tag-pd","tag-primarie-centrosinistra","tag-sergio-cofferati","post_cat_citta-andora"],"amp_validity":null,"amp_enabled":true,"_links":{"self":[{"href":"https:\/\/staging.ivg.it\/ediapi\/wp\/v2\/posts\/280167","targetHints":{"allow":["GET"]}}],"collection":[{"href":"https:\/\/staging.ivg.it\/ediapi\/wp\/v2\/posts"}],"about":[{"href":"https:\/\/staging.ivg.it\/ediapi\/wp\/v2\/types\/post"}],"author":[{"embeddable":true,"href":"https:\/\/staging.ivg.it\/ediapi\/wp\/v2\/users\/11917"}],"replies":[{"embeddable":true,"href":"https:\/\/staging.ivg.it\/ediapi\/wp\/v2\/comments?post=280167"}],"version-history":[{"count":0,"href":"https:\/\/staging.ivg.it\/ediapi\/wp\/v2\/posts\/280167\/revisions"}],"wp:attachment":[{"href":"https:\/\/staging.ivg.it\/ediapi\/wp\/v2\/media?parent=280167"}],"wp:term":[{"taxonomy":"category","embeddable":true,"href":"https:\/\/staging.ivg.it\/ediapi\/wp\/v2\/categories?post=280167"},{"taxonomy":"post_tag","embeddable":true,"href":"https:\/\/staging.ivg.it\/ediapi\/wp\/v2\/tags?post=280167"}],"curies":[{"name":"wp","href":"https:\/\/api.w.org\/{rel}","templated":true}]}}