{"id":280166,"date":"2014-12-30T08:23:15","date_gmt":"2014-12-30T07:23:15","guid":{"rendered":"http:\/\/www.ivg.it\/?p=280166"},"modified":"2014-12-30T17:49:09","modified_gmt":"2014-12-30T16:49:09","slug":"meteo-brividi-nel-savonese-attenzione-alle-gelate-nellentroterra-sfiorati-5-c","status":"publish","type":"post","link":"https:\/\/staging.ivg.it\/2014\/12\/meteo-brividi-nel-savonese-attenzione-alle-gelate-nellentroterra-sfiorati-5-c\/","title":{"rendered":"Meteo: brividi nel savonese, attenzione alle gelate. Nell&#8217;entroterra sfiorati i -5\u00b0 C"},"content":{"rendered":"<p><strong>Provincia.<\/strong> Ad Urbe -4.8\u00b0 C, Millesimo si \u00e8 invece difesa con un -3.8\u00b0 C, valori pi\u00f9 &#8220;miti&#8221; a Calizzano (-1.1\u00b0 C), ma anche sulla costa stanotte non si \u00e8 scherzato, con i 2.9\u00b0 C di Albissola Marina. Di poco pi\u00f9 alte le temperature nelle altre localit\u00e0 costiere. <\/p>\n<p>Minime da brividi, insomma, nelle scorse ore, in rialzo con lo spuntare del sole, anche se l&#8217;entroterra savonese fatica a tornare al segno pi\u00f9. Non \u00e8 per\u00f2 tutto: le temperature, gi\u00e0 rigide, tenderanno infatti a calare ulteriormente. <\/p>\n<p>Lo faranno oprattutto in serata &#8211; spiegano gli esperti di Limet &#8211;  a causa dell&#8217;arrivo di un impulso di aria fredda di origine continentale che porter\u00e0 le temperature anche sotto i -10\u00b0C sulle cime appenniniche. La sensazione di freddo sar\u00e0 spiccata ed amplificata anche dal vento (effetto Wind Chill). <\/p>\n<p>Ci aspettano comunque giornate all&#8217;insegna del sole. Niente neve, quindi, ma il pericolo \u00e8 in agguato: attenzione infatti alle gelate, soprattutto nelle ore notturne. <\/p>\n","protected":false},"excerpt":{"rendered":"<p>Provincia. Ad Urbe -4.8\u00b0 C, Millesimo si \u00e8 invece difesa con un -3.8\u00b0 C, valori pi\u00f9 &#8220;miti&#8221; a Calizzano (-1.1\u00b0 C), ma anche sulla costa stanotte non si \u00e8 scherzato, con i 2.9\u00b0 C di Albissola Marina. Di poco pi\u00f9 alte le temperature nelle altre localit\u00e0 costiere. Minime da brividi, insomma, nelle scorse ore, in [&hellip;]<\/p>\n","protected":false},"author":11917,"featured_media":0,"comment_status":"open","ping_status":"closed","sticky":false,"template":"","format":"standard","meta":{"footnotes":""},"categories":[45296],"tags":[4653,4505,652,375],"class_list":["post-280166","post","type-post","status-publish","format-standard","hentry","category-copertina","tag-freddo","tag-gelo","tag-meteo","tag-provincia","post_cat_citta-albissola-marina","post_cat_citta-calizzano","post_cat_citta-millesimo","post_cat_citta-urbe"],"amp_validity":null,"amp_enabled":true,"_links":{"self":[{"href":"https:\/\/staging.ivg.it\/ediapi\/wp\/v2\/posts\/280166","targetHints":{"allow":["GET"]}}],"collection":[{"href":"https:\/\/staging.ivg.it\/ediapi\/wp\/v2\/posts"}],"about":[{"href":"https:\/\/staging.ivg.it\/ediapi\/wp\/v2\/types\/post"}],"author":[{"embeddable":true,"href":"https:\/\/staging.ivg.it\/ediapi\/wp\/v2\/users\/11917"}],"replies":[{"embeddable":true,"href":"https:\/\/staging.ivg.it\/ediapi\/wp\/v2\/comments?post=280166"}],"version-history":[{"count":0,"href":"https:\/\/staging.ivg.it\/ediapi\/wp\/v2\/posts\/280166\/revisions"}],"wp:attachment":[{"href":"https:\/\/staging.ivg.it\/ediapi\/wp\/v2\/media?parent=280166"}],"wp:term":[{"taxonomy":"category","embeddable":true,"href":"https:\/\/staging.ivg.it\/ediapi\/wp\/v2\/categories?post=280166"},{"taxonomy":"post_tag","embeddable":true,"href":"https:\/\/staging.ivg.it\/ediapi\/wp\/v2\/tags?post=280166"}],"curies":[{"name":"wp","href":"https:\/\/api.w.org\/{rel}","templated":true}]}}