{"id":280137,"date":"2014-12-29T14:17:07","date_gmt":"2014-12-29T13:17:07","guid":{"rendered":"http:\/\/www.ivg.it\/?p=280137"},"modified":"2014-12-30T08:25:00","modified_gmt":"2014-12-30T07:25:00","slug":"unione-industriali-savona-presidente-guglielmelli-impensabile-continuare-cosi-piu-attenzione-dalla-regione","status":"publish","type":"post","link":"https:\/\/staging.ivg.it\/2014\/12\/unione-industriali-savona-presidente-guglielmelli-impensabile-continuare-cosi-piu-attenzione-dalla-regione\/","title":{"rendered":"Unione Industriali Savona, presidente Guglielmelli: &#8220;Impensabile continuare cos\u00ec, pi\u00f9 attenzione dalla Regione&#8221;"},"content":{"rendered":"<p><strong>Savona.<\/strong> Pi\u00f9 attenzione al mondo produttivo ed industria in cima alla lista delle priorit\u00e0 della Regione Liguria, nel 2015. \u00c8 questa la richiesta che Elio Guglielmelli, Presidente dell&#8217;Unione degli Industriali della Provincia di Savona, avanza alla prossima amministrazione regionale, attraverso un&#8217;intervista rilasciata al portale online SVolta.net.<\/p>\n<p>&#8220;Il 2014 lascia numerose situazioni di criticit\u00e0&#8221;, ha affermato il capo degli industriali savonesi. &#8220;Il nuovo anno dovr\u00e0 essere per forza la stagione della ripresa, perch\u00e9 continuare con un andamento di questo tipo &#8211; che prosegue, ormai, da otto anni &#8211; risulta impensabile. Certo, fare previsioni \u00e8 prematuro: la preoccupazione va alla perdita di posti di lavoro in settori che difficilmente si riprenderanno. Ci sono poi le professionalit\u00e0 che rischiano di sparire, spazzate via da una crisi senza precedenti e questo ragionamento vale soprattutto per l&#8217;edilizia che ancora dovr\u00e0 aspettare per ripartire&#8221;.<\/p>\n<p>&#8220;Qualche timido segnale pi\u00f9 incoraggiante arriva da meccanica e chimica. Tuttavia, nel territorio savonese hanno tenuto il passo con il mercato quelle imprese che hanno saputo puntare sull&#8217;export e in alcuni settori come il comparto tecnologico dobbiamo registrare vere eccellenze. Gli auspici riguardano la portualit\u00e0 e la creazione della piattaforma, questi investimenti uniti alla tenacia degli imprenditori fanno intravedere un 2015 meno buio&#8221;, ha aggiunto.<\/p>\n<p>Quindi, gli auspici per l&#8217;anno e l&#8217;Amministrazione Regionale che verranno. &#8220;Ci auguriamo che il prossimo Governatore della Regione abbia a cuore il destino del mondo produttivo&#8221;, ha notato Guglielmelli nell&#8217;intervista con SVolta.net. &#8220;Lo diciamo da sempre e faremo anche delle proposte quando sar\u00e0 il momento di confrontarsi con i candidati: noi vogliamo che l&#8217;industria sia al centro dell&#8217;agenda del governo ligure, e vogliamo anche che l&#8217;industria venga sostenuta, soprattutto dalla politica, perch\u00e9 riteniamo che il benessere possa arrivare solo attraverso il consolidamento del comparto industriale e di ci\u00f2 che ruota attorno a esso&#8221;.<\/p>\n<p>Una proposta, ma anche e soprattutto una necessit\u00e0, per il mondo produttivo. &#8220;Abbiamo visto cosa ha generato, sul nostro territorio, la crisi di Tirreno Power&#8221;, ha proseguito il Presidente degli Industriali. &#8220;Centinaia di posti di lavoro che sono ancora sospesi, decine di aziende che lavorano nell&#8217;indotto che hanno dovuto diminuire  pesantemente i fatturati. Queste sono cose che vanno risolte: la politica ci deve aiutare, perch\u00e9 le cose si facciano bene e presto. Non possiamo pi\u00f9 permetterci di aspettare mesi o anni per avere delle risposte che, in altri paesi d&#8217;Europa, territori nei quali ci confrontiamo, si ottengono in un quarto o in un quinto del tempo che impieghiamo noi. Tutto questo non \u00e8 pi\u00f9 sostenibile, e chiediamo alla politica che si metta al pari con altri paesi nostri competitori&#8221;.<\/p>\n","protected":false},"excerpt":{"rendered":"<p>Savona. Pi\u00f9 attenzione al mondo produttivo ed industria in cima alla lista delle priorit\u00e0 della Regione Liguria, nel 2015. \u00c8 questa la richiesta che Elio Guglielmelli, Presidente dell&#8217;Unione degli Industriali della Provincia di Savona, avanza alla prossima amministrazione regionale, attraverso un&#8217;intervista rilasciata al portale online SVolta.net. &#8220;Il 2014 lascia numerose situazioni di criticit\u00e0&#8221;, ha affermato [&hellip;]<\/p>\n","protected":false},"author":11917,"featured_media":0,"comment_status":"open","ping_status":"closed","sticky":false,"template":"","format":"standard","meta":{"footnotes":""},"categories":[45296,35],"tags":[14709,223,85850,15568],"class_list":["post-280137","post","type-post","status-publish","format-standard","hentry","category-copertina","category-economia","tag-elio-guglielmelli","tag-regione-liguria","tag-savona","tag-unione-industriali-savona","post_cat_citta-savona"],"amp_validity":null,"amp_enabled":true,"_links":{"self":[{"href":"https:\/\/staging.ivg.it\/ediapi\/wp\/v2\/posts\/280137","targetHints":{"allow":["GET"]}}],"collection":[{"href":"https:\/\/staging.ivg.it\/ediapi\/wp\/v2\/posts"}],"about":[{"href":"https:\/\/staging.ivg.it\/ediapi\/wp\/v2\/types\/post"}],"author":[{"embeddable":true,"href":"https:\/\/staging.ivg.it\/ediapi\/wp\/v2\/users\/11917"}],"replies":[{"embeddable":true,"href":"https:\/\/staging.ivg.it\/ediapi\/wp\/v2\/comments?post=280137"}],"version-history":[{"count":0,"href":"https:\/\/staging.ivg.it\/ediapi\/wp\/v2\/posts\/280137\/revisions"}],"wp:attachment":[{"href":"https:\/\/staging.ivg.it\/ediapi\/wp\/v2\/media?parent=280137"}],"wp:term":[{"taxonomy":"category","embeddable":true,"href":"https:\/\/staging.ivg.it\/ediapi\/wp\/v2\/categories?post=280137"},{"taxonomy":"post_tag","embeddable":true,"href":"https:\/\/staging.ivg.it\/ediapi\/wp\/v2\/tags?post=280137"}],"curies":[{"name":"wp","href":"https:\/\/api.w.org\/{rel}","templated":true}]}}