{"id":279934,"date":"2014-12-23T19:11:35","date_gmt":"2014-12-23T18:11:35","guid":{"rendered":"http:\/\/www.ivg.it\/?p=279934"},"modified":"2014-12-24T13:02:45","modified_gmt":"2014-12-24T12:02:45","slug":"tirreno-power-lazienda-conferma-gli-impegni-il-governo-pronto-trovare-soluzione","status":"publish","type":"post","link":"https:\/\/staging.ivg.it\/2014\/12\/tirreno-power-lazienda-conferma-gli-impegni-il-governo-pronto-trovare-soluzione\/","title":{"rendered":"Tirreno Power: l&#8217;azienda conferma gli impegni, il governo pronto a trovare soluzione"},"content":{"rendered":"<p><strong>Vado Ligure. <\/strong>Un incontro non ancora risolutivo la strada \u00e8 stata spianata e c&#8217;\u00e8 la volont\u00e0 comune di trovare una soluzione che tenga assieme le esigenze della produzione e del lavoro con quelle dell&#8217;ambiente. E&#8217; quanto \u00e8 emerso nell&#8217;atteso incontro che si \u00e8 svolto a Palazzo Chigi sul futuro della centrale a carbone di Vado Ligure. <\/p>\n<p>Presenti il sottosegretario alla Presidenza del Consiglio Graziano Delrio, il ministro dello Sviluppo Economico Federica Guidi, il ministro dell&#8217;Ambiente Gian Luca Galletti. All&#8217;incontro hanno partecipato il sindaco di Vado Ligure e presidente della Provincia Monica Giuliano, il sindaco di Quiliano Alberto Ferrando, l&#8217;assessore regionale Renzo Guccinelli, l&#8217;ad di Tirreno Power Massimiliano Salvi e le rappresentanze sindacali di Cgil, Cisl, Uil e Ugl e la Rsu aziendale.<\/p>\n<p>L&#8217;azienda ha confermato di voler investire nel processo di ambientalizzazione del sito produttivo di Vado Ligure, ribadendo i suoi impegni per la centrale a carbone.<\/p>\n<p>Il Governo si \u00e8 impegnato a trovare una soluzione che consenta, con una ragionevole scansione temporale, una riapertura della centrale, confermando la piena garanzia al rispetto delle norme a tutela dell&#8217;ambiente, insieme al monitoraggio delle emissioni e degli interventi sul sito produttivo.<\/p>\n<p>Resta da definire come sar\u00e0 il decreto del Ministro dell&#8217;Ambiente sul rilascio in Conferenza dei servizi sulla nuova AIA e se verranno inserite modifiche e integrazioni tali da consentire all&#8217;azienda di condurre l&#8217;opera di ristrutturazione. Su questo aspetto si dovr\u00e0 ancora lavorare. <\/p>\n<p>L&#8217;azienda ha fatto trapelare la sua soddisfazione per l&#8217;esito del vertice romano: &#8220;Da parte del governo c&#8217;\u00e8 un impegno concreto per trovare una via d&#8217;uscita che permetta la ripartenza della centrale. Tirreno Power \u00e8 pronta a fare la sua parte con l&#8217;obiettivo di arrivare limiti emissivi fissati con l&#8217;AIA, ma consentendo una possibile ristrutturazione della centrale modificando alcuni parametri irrealizzabile. Da questo punto di vista il governo ha compreso le esigenze dell&#8217;azienda&#8221;.<\/p>\n","protected":false},"excerpt":{"rendered":"<p>Vado Ligure. Un incontro non ancora risolutivo la strada \u00e8 stata spianata e c&#8217;\u00e8 la volont\u00e0 comune di trovare una soluzione che tenga assieme le esigenze della produzione e del lavoro con quelle dell&#8217;ambiente. E&#8217; quanto \u00e8 emerso nell&#8217;atteso incontro che si \u00e8 svolto a Palazzo Chigi sul futuro della centrale a carbone di Vado [&hellip;]<\/p>\n","protected":false},"author":4,"featured_media":0,"comment_status":"open","ping_status":"closed","sticky":false,"template":"","format":"standard","meta":{"footnotes":""},"categories":[45296,35],"tags":[6591,507,2361,45679,7063,2220,3931,2253,85979],"class_list":["post-279934","post","type-post","status-publish","format-standard","hentry","category-copertina","category-economia","tag-alberto-ferrando","tag-cgil","tag-cisl","tag-graziano-delrio","tag-monica-giuliano","tag-renzo-guccinelli","tag-tirreno-power","tag-uil","tag-vado-ligure","post_cat_citta-andora"],"amp_validity":null,"amp_enabled":true,"_links":{"self":[{"href":"https:\/\/staging.ivg.it\/ediapi\/wp\/v2\/posts\/279934","targetHints":{"allow":["GET"]}}],"collection":[{"href":"https:\/\/staging.ivg.it\/ediapi\/wp\/v2\/posts"}],"about":[{"href":"https:\/\/staging.ivg.it\/ediapi\/wp\/v2\/types\/post"}],"author":[{"embeddable":true,"href":"https:\/\/staging.ivg.it\/ediapi\/wp\/v2\/users\/4"}],"replies":[{"embeddable":true,"href":"https:\/\/staging.ivg.it\/ediapi\/wp\/v2\/comments?post=279934"}],"version-history":[{"count":0,"href":"https:\/\/staging.ivg.it\/ediapi\/wp\/v2\/posts\/279934\/revisions"}],"wp:attachment":[{"href":"https:\/\/staging.ivg.it\/ediapi\/wp\/v2\/media?parent=279934"}],"wp:term":[{"taxonomy":"category","embeddable":true,"href":"https:\/\/staging.ivg.it\/ediapi\/wp\/v2\/categories?post=279934"},{"taxonomy":"post_tag","embeddable":true,"href":"https:\/\/staging.ivg.it\/ediapi\/wp\/v2\/tags?post=279934"}],"curies":[{"name":"wp","href":"https:\/\/api.w.org\/{rel}","templated":true}]}}