{"id":279688,"date":"2014-12-19T14:02:16","date_gmt":"2014-12-19T13:02:16","guid":{"rendered":"http:\/\/www.ivg.it\/?p=279688"},"modified":"2014-12-19T19:46:55","modified_gmt":"2014-12-19T18:46:55","slug":"calcio-aloisi-si-presenta-questo-savona-ha-una-buona-rosa-le-risposte-migliori-le-possiamo-dare-soltanto-campo","status":"publish","type":"post","link":"https:\/\/staging.ivg.it\/2014\/12\/calcio-aloisi-si-presenta-questo-savona-ha-una-buona-rosa-le-risposte-migliori-le-possiamo-dare-soltanto-campo\/","title":{"rendered":"Calcio, Aloisi si presenta: &#8220;Questo Savona ha una buona rosa. Le risposte migliori le possiamo dare soltanto in campo&#8221;"},"content":{"rendered":"<p><strong>Savona<\/strong>. Mantenere il Savona Fbc tra i professionisti, secondo quanto ribadito da Aldo Dellepiane, rientra tra le priorit\u00e0 della societ\u00e0 anche dopo l&#8217;improvvisa svolta ufficializzata ieri.<\/p>\n<p>Il campionato prevede solamente tre retrocessioni per ogni girone, tuttavia evitare di precipitare in Serie D non sar\u00e0 facile. Sotto la guida di Arturo Di Napoli i biancobl\u00f9 hanno raccolto 22 punti in 17 partite: un buon bottino, grazie al quale si mantengono a + 4 sulla zona playout. Le sette formazioni che seguono gli Striscioni, per\u00f2, stanno dimostrando di essere ancora tutte &#8220;in vita&#8221;, decise a raggiungere l&#8217;obiettivo salvezza e molto di esse, nell&#8217;imminente mercato, si rafforzeranno.<\/p>\n<p>Mentre la societ\u00e0 sta sfoltendo la rosa (hanno salutato anche Raffaele Rosato e Mirko Pennesi), nell&#8217;attesa di movimenti in arrivo, la curiosit\u00e0 \u00e8 rivolta alla nuova figura che ha il compito di condurre il Savona alla permanenza nella categoria: Antonio Aloisi.<\/p>\n<p>In un panorama calcistico ricco di allenatori in &#8220;pausa forzata&#8221;, a causa del numero di squadre sempre pi\u00f9 ridotto, la dirigenza savonese \u00e8 andata a pescare ad Ascoli Piceno, terra del 46enne Antonio Aloisi.<\/p>\n<p>Aloisi ha gi\u00e0 avuto modo di informarsi sulla sua nuova squadra. &#8220;Ho visto giocare il Savona qualche volta in televisione &#8211; afferma -, so che ha cambiato modulo dall&#8217;inizio dell&#8217;anno. Ha una buona posizione di classifica, segno che c&#8217;\u00e8 un lavoro importante dietro e la rosa non \u00e8 cos\u00ec da buttare via, anzi. In questi due giorni ho avuto modo di valutarla e mi sembra ci sia una buona base di partenza. Cercheremo di intervenire dove \u00e8 possibile con innesti giusti e mirati. Di certo occorre sfoltire la rosa perch\u00e9 trentaquattro giocatori sono un po&#8217; troppi&#8221;.<\/p>\n<p>Come ogni tecnico, l&#8217;ascolano apporter\u00e0 modifiche alla formazione, secondo il suo credo calcistico. Ma la trasferta di Teramo \u00e8 dietro l&#8217;angolo. &#8220;Non avendo avuto molto tempo per poter cambiare credo di non muovere troppo la situazione &#8211; spiega Aloisi -. La squadra ha vinto l&#8217;ultima partita attuando il 3-5-2, ci saranno forse dei correttivi negli uomini. Ma sostanzialmente non andr\u00f2 a toccare grandi cose, non avendo tempo. Con il periodo natalizio avr\u00f2 la possibilit\u00e0 di lavorare con pi\u00f9 tranquillit\u00e0 senza la gara che incombe&#8221;.<\/p>\n<p>Aloisi ha un passato da calciatore ed ha raggiunto alti livelli nel ruolo di difensore, dopo aver giocato come attaccante nelle giovanili. &#8220;L&#8217;allenatore deve avere chiare in testa le due fasi di gioco, di possesso e non possesso &#8211; spiega -. Andr\u00f2 a lavorare sul gruppo in maniera decisa, senza prediligere un reparto piuttosto che l&#8217;altro. Ho fatto l&#8217;attaccante a livello giovanile e il difensore da professionista, ma credo che un allenatore debba essere bravo a cercare di amalgamare nel miglior modo possibile i tre reparti. Le mie esperienze mi aiuteranno a dare un qualcosa in pi\u00f9 ai ragazzi, ma andr\u00f2 sicuramente a lavorare sul collettivo&#8221;.<\/p>\n<p>Tra le prime, immancabili critiche della piazza alla dirigenza, c&#8217;\u00e8 la scarsa esperienza del nuovo tecnico. La sua carriera da allenatore \u00e8 iniziata nel 2007 in Serie D con la Santegidiese, unica prima squadra da lui guidata. In seguito gli \u00e8 stata affidata la panchina degli Allievi nazionali della Reggina e della Primavera dell&#8217;Ascoli. Lo scorso anno ha allenato la Primavera dell&#8217;Avellino, dimettendosi dopo due sole giornate. I numeri non sono dalla sua parte, dato che secondo alcune statistiche che sono state redatte, avrebbe il 64% di sconfitte. I risultati, comunque, soprattutto in ambito giovanile, vanno ponderati con le rose avute a disposizione.<\/p>\n<p>Enrico Santucci, ad del Savona Fbc, ha ammesso come &#8220;il curriculum del mister non sia eccezionale&#8221;, ribadendo, tuttavia, che &#8220;si tratta di un giovane&#8221;, invitando la tifoseria a &#8220;lasciarlo lavorare, giudicandolo a fine campionato per quello che avr\u00e0 fatto&#8221;. Aloisi dovr\u00e0 ben presto conquistarsi la fiducia di una piazza molto critica, partendo dalla difficile trasferta di Teramo.<\/p>\n<p>&#8220;L&#8217;esperienza, se uno non inizia, non pu\u00f2 mai farla &#8211; dichiara il mister -. Parto da una base importante avendo lavorato in settori giovanili di societ\u00e0 importanti e ho fatto l&#8217;allenatore in seconda in Serie B con Massimo Silva ad Ascoli quindi la mia gavetta l&#8217;ho fatta. Ora \u00e8 chiaro che cambia tutto, avendo la responsabilit\u00e0 di una prima squadra di Lega Pro. Credo di avere gli strumenti giusti per poter essere d&#8217;aiuto a questa squadra e questa societ\u00e0 e fare un buon lavoro&#8221;.<\/p>\n<p>Aloisi conclude con la sua promessa alla tifoseria biancobl\u00f9: &#8220;Lavorare sempre con grande seriet\u00e0, essere professionisti e professionali. Le risposte migliori le possiamo dare soltanto in campo. La promessa \u00e8 impegnarci a fondo per migliorare questa situazione&#8221;.<\/p>\n","protected":false},"excerpt":{"rendered":"<p>Savona. Mantenere il Savona Fbc tra i professionisti, secondo quanto ribadito da Aldo Dellepiane, rientra tra le priorit\u00e0 della societ\u00e0 anche dopo l&#8217;improvvisa svolta ufficializzata ieri. Il campionato prevede solamente tre retrocessioni per ogni girone, tuttavia evitare di precipitare in Serie D non sar\u00e0 facile. Sotto la guida di Arturo Di Napoli i biancobl\u00f9 hanno [&hellip;]<\/p>\n","protected":false},"author":18,"featured_media":0,"comment_status":"open","ping_status":"closed","sticky":false,"template":"","format":"standard","meta":{"footnotes":""},"categories":[45296,1578,32],"tags":[60467,85989,24481,85850,86042,9655],"class_list":["post-279688","post","type-post","status-publish","format-standard","hentry","category-copertina","category-savona-calcio","category-sport","tag-antonio-aloisi","tag-calcio","tag-lega-pro","tag-savona","tag-savona-calcio","tag-savona-fbc","post_cat_citta-savona"],"amp_validity":null,"amp_enabled":true,"_links":{"self":[{"href":"https:\/\/staging.ivg.it\/ediapi\/wp\/v2\/posts\/279688","targetHints":{"allow":["GET"]}}],"collection":[{"href":"https:\/\/staging.ivg.it\/ediapi\/wp\/v2\/posts"}],"about":[{"href":"https:\/\/staging.ivg.it\/ediapi\/wp\/v2\/types\/post"}],"author":[{"embeddable":true,"href":"https:\/\/staging.ivg.it\/ediapi\/wp\/v2\/users\/18"}],"replies":[{"embeddable":true,"href":"https:\/\/staging.ivg.it\/ediapi\/wp\/v2\/comments?post=279688"}],"version-history":[{"count":0,"href":"https:\/\/staging.ivg.it\/ediapi\/wp\/v2\/posts\/279688\/revisions"}],"wp:attachment":[{"href":"https:\/\/staging.ivg.it\/ediapi\/wp\/v2\/media?parent=279688"}],"wp:term":[{"taxonomy":"category","embeddable":true,"href":"https:\/\/staging.ivg.it\/ediapi\/wp\/v2\/categories?post=279688"},{"taxonomy":"post_tag","embeddable":true,"href":"https:\/\/staging.ivg.it\/ediapi\/wp\/v2\/tags?post=279688"}],"curies":[{"name":"wp","href":"https:\/\/api.w.org\/{rel}","templated":true}]}}