{"id":279661,"date":"2014-12-19T08:11:46","date_gmt":"2014-12-19T07:11:46","guid":{"rendered":"http:\/\/www.ivg.it\/?p=279661"},"modified":"2014-12-19T13:38:07","modified_gmt":"2014-12-19T12:38:07","slug":"finale-termina-lincubo-viabilita-riaprono-laurelia-e-la-strada-delle-manie","status":"publish","type":"post","link":"https:\/\/staging.ivg.it\/2014\/12\/finale-termina-lincubo-viabilita-riaprono-laurelia-e-la-strada-delle-manie\/","title":{"rendered":"Finale, termina l&#8217;incubo viabilit\u00e0: riaprono l&#8217;Aurelia e la provinciale delle Manie"},"content":{"rendered":"<p><strong>Finale Ligure.<\/strong> Sar\u00e0 riaperta questa mattina, come annunciato marted\u00ec dopo il sopralluogo dei tecnici di Palazzo Nervi, la viabilit\u00e0 a doppio senso di marcia sull&#8217;Aurelia e a senso unico alternato sulla strada provinciale n\u00b0 45 \u201cFinale-Manie-Voze-Spotorno\u201d. In occasione della riapertura, prevista per le ore 9, sar\u00e0 presente il presidente della Provincia di Savona Monica Giuliano.<\/p>\n<p>&#8220;Una riapertura &#8211; aveva sottolineato Monica Giuliano il giorno dell&#8217;annuncio &#8211; che consentir\u00e0 all&#8217;intera area un graduale ritorno alla normalit\u00e0 a garanzia e tutela non soltanto dei cittadini ma anche dei numerosi turisti che nel periodo natalizio trascorreranno le vacanze nella nostra provincia&#8221;.<\/p>\n<p>&#8220;Un grande risultato ottenuto in anticipo sul calendario grazie all&#8217;azione sinergica tra Provincia e Comune di Finale e dal lavoro delle professionalit\u00e0 messe in campo da Palazzo Nervi, una squadra che dal momento dell&#8217;emergenza ha garantito presenza costante ed interventi efficaci e risolutivi. Il protocollo d&#8217;intesa siglato con il Comune di Finale ha quindi consentito di effettuare i lavori, con il trasferimento delle risorse al nostro Ente, e di svolgere in tempi rapidi tutte le procedure&#8221; aveva dichiarato qualche giorno fa il consigliere provinciale Giovanni Ferrari.<\/p>\n<p>\u201cLa riapertura delle strade \u00e8 per il Finalese un importante avvenimento che restituisce, a queste fondamentali vie di comunicazione, il transito in sicurezza e, soprattutto, consentir\u00e0 il rientro nelle loro case a quelle famiglie costrette ad abbandonare, il 17 novembre scorso, il fabbricato adiacente al ciglio a monte della provinciale&#8221; il commento invece del sindaco di Finale Ligure Ugo Frascherelli.<\/p>\n","protected":false},"excerpt":{"rendered":"<p>Finale Ligure. Sar\u00e0 riaperta questa mattina, come annunciato marted\u00ec dopo il sopralluogo dei tecnici di Palazzo Nervi, la viabilit\u00e0 a doppio senso di marcia sull&#8217;Aurelia e a senso unico alternato sulla strada provinciale n\u00b0 45 \u201cFinale-Manie-Voze-Spotorno\u201d. In occasione della riapertura, prevista per le ore 9, sar\u00e0 presente il presidente della Provincia di Savona Monica Giuliano. [&hellip;]<\/p>\n","protected":false},"author":10593,"featured_media":0,"comment_status":"open","ping_status":"closed","sticky":false,"template":"","format":"standard","meta":{"footnotes":""},"categories":[45296,34],"tags":[85844,52360,5390,23227,86128,7063,3585,51686],"class_list":["post-279661","post","type-post","status-publish","format-standard","hentry","category-copertina","category-cronaca","tag-finale-ligure","tag-frana-aurelia","tag-frane","tag-giovanni-ferrari","tag-le-manie","tag-monica-giuliano","tag-provincia-savona","tag-ugo-frascherelli","post_cat_citta-andora","post_cat_citta-finale-ligure"],"amp_validity":null,"amp_enabled":true,"_links":{"self":[{"href":"https:\/\/staging.ivg.it\/ediapi\/wp\/v2\/posts\/279661","targetHints":{"allow":["GET"]}}],"collection":[{"href":"https:\/\/staging.ivg.it\/ediapi\/wp\/v2\/posts"}],"about":[{"href":"https:\/\/staging.ivg.it\/ediapi\/wp\/v2\/types\/post"}],"author":[{"embeddable":true,"href":"https:\/\/staging.ivg.it\/ediapi\/wp\/v2\/users\/10593"}],"replies":[{"embeddable":true,"href":"https:\/\/staging.ivg.it\/ediapi\/wp\/v2\/comments?post=279661"}],"version-history":[{"count":0,"href":"https:\/\/staging.ivg.it\/ediapi\/wp\/v2\/posts\/279661\/revisions"}],"wp:attachment":[{"href":"https:\/\/staging.ivg.it\/ediapi\/wp\/v2\/media?parent=279661"}],"wp:term":[{"taxonomy":"category","embeddable":true,"href":"https:\/\/staging.ivg.it\/ediapi\/wp\/v2\/categories?post=279661"},{"taxonomy":"post_tag","embeddable":true,"href":"https:\/\/staging.ivg.it\/ediapi\/wp\/v2\/tags?post=279661"}],"curies":[{"name":"wp","href":"https:\/\/api.w.org\/{rel}","templated":true}]}}