{"id":279639,"date":"2014-12-18T16:44:01","date_gmt":"2014-12-18T15:44:01","guid":{"rendered":"http:\/\/www.ivg.it\/?p=279639"},"modified":"2014-12-19T11:30:30","modified_gmt":"2014-12-19T10:30:30","slug":"porto-campo-850-mln-di-investimenti-il-presidente-miazza-porteremo-sviluppo-e-lavoro","status":"publish","type":"post","link":"https:\/\/staging.ivg.it\/2014\/12\/porto-campo-850-mln-di-investimenti-il-presidente-miazza-porteremo-sviluppo-e-lavoro\/","title":{"rendered":"Porto, in campo 850 mln di investimenti. Il presidente Miazza: &#8220;Porteremo sviluppo e lavoro&#8221;"},"content":{"rendered":"<p><strong>Savona.<\/strong> La portualit\u00e0 savonese speranza di sviluppo e occupazione per il territorio. Sono ben 860 i milioni di euro di investimenti in lavori e interventi sul comprensorio portuale: 510 di natura pubblica e 340 dei privati e operatori del settore. Tutte opere autorizzate e finanziate. Questi i numeri resi noti oggi dal presidente dell\u2019Autorit\u00e0 Portuale di Savona Gian Luigi Miazza, che ha tracciato un bilancio del 2014 e parlato dei progetti futuri per il porto di Savona-Vado.<\/p>\n<p>Quanto al dettaglio delle opere: &#8220;Questa mattina abbiamo comunicato al Comitato portuale la presentazione dell&#8217;elenco degli investimenti come ci ha chiesto il Governo. Alcuni sono di prossima apertura o al pi\u00f9 tardi partiranno nel 2016.L&#8217;ultima opera \u00e8 prevista attorno all&#8217;anno 2018 con la realizzazione del nuovo casello autostradale di Vado Ligure. Siamo quindi in una situazione molto interessante per portare nuovi posti di lavoro sul territorio&#8221;.<\/p>\n<p>Sull\u2019operazione VIO si attende il pronunciamento della Corte dei Conti, entro gennaio-febbraio 2015, con gi\u00e0 alcune aziende interessate ad operare nelle aree. Infine, sono iniziati anche i primi collaudi tecnici per il nuovo ponte mobile nella Darsena savonese, che dovrebbero finire entro il 2014: ora si dovr\u00e0 decidere su come procedere per il vecchio ponte, con la Port Authority che ha gi\u00e0 fatto richiesta di demolirlo anzich\u00e9 smontarlo pezzo per pezzo (intervento pi\u00f9 lungo e costoso). Il presidente Miazza ha comunque confermato che i lavori dovrebbero essere terminati per marzo 2015. Cos\u00ec come la nuova sede dell\u2019Autorit\u00e0 Portuale dovrebbe essere ultimata per novembre-dicembre 2015.<\/p>\n<p>Sull&#8217;andamento dei traffici Miazza ha sottolineato: &#8220;Registriamo sicuramente un calo nel settore rinfuse (determinato dallo stop alla centrale di Vado e le ricadute sul carbone), ma possiamo notare un&#8217;importante compensazione sulla parte ro-ro, delle autovetture e degli acciai. Aspettiamo le analisi definitive, ma tutto sommato, nonostante la situazione complicata delle rinfuse, pensiamo di chiudere l&#8217;anno solo con lieve calo dei traffici rispetto al 2013&#8221;. <\/p>\n<p>Miazza, infine, ha parlato anche di accorpamento delle Port Authority: \u201cI piani delineati sono abbastanza chiari. Entro febbraio arriver\u00e0 il piano nazionale della logistica, dopo si potranno estendere le proprie valutazioni riguardo alla modifica della legge 84\/1994 che a mio parere potrebbe non essere interessata da decreti legge, ma da percorsi pi\u00f9 condivisi. Non considererei la vertenza chiusa, ma non avr\u00e0 il carattere di velocit\u00e0, precariet\u00e0 e anche superficialit\u00e0 visto nei mesi precedenti\u201d.<\/p>\n","protected":false},"excerpt":{"rendered":"<p>Savona. La portualit\u00e0 savonese speranza di sviluppo e occupazione per il territorio. Sono ben 860 i milioni di euro di investimenti in lavori e interventi sul comprensorio portuale: 510 di natura pubblica e 340 dei privati e operatori del settore. Tutte opere autorizzate e finanziate. Questi i numeri resi noti oggi dal presidente dell\u2019Autorit\u00e0 Portuale [&hellip;]<\/p>\n","protected":false},"author":4,"featured_media":0,"comment_status":"open","ping_status":"closed","sticky":false,"template":"","format":"standard","meta":{"footnotes":""},"categories":[45296,35],"tags":[42625,968,13216,85850,85979],"class_list":["post-279639","post","type-post","status-publish","format-standard","hentry","category-copertina","category-economia","tag-gianluigi-miazza","tag-porto","tag-porto-savona","tag-savona","tag-vado-ligure","post_cat_citta-andora","post_cat_citta-savona","post_cat_citta-vado-ligure"],"amp_validity":null,"amp_enabled":true,"_links":{"self":[{"href":"https:\/\/staging.ivg.it\/ediapi\/wp\/v2\/posts\/279639","targetHints":{"allow":["GET"]}}],"collection":[{"href":"https:\/\/staging.ivg.it\/ediapi\/wp\/v2\/posts"}],"about":[{"href":"https:\/\/staging.ivg.it\/ediapi\/wp\/v2\/types\/post"}],"author":[{"embeddable":true,"href":"https:\/\/staging.ivg.it\/ediapi\/wp\/v2\/users\/4"}],"replies":[{"embeddable":true,"href":"https:\/\/staging.ivg.it\/ediapi\/wp\/v2\/comments?post=279639"}],"version-history":[{"count":0,"href":"https:\/\/staging.ivg.it\/ediapi\/wp\/v2\/posts\/279639\/revisions"}],"wp:attachment":[{"href":"https:\/\/staging.ivg.it\/ediapi\/wp\/v2\/media?parent=279639"}],"wp:term":[{"taxonomy":"category","embeddable":true,"href":"https:\/\/staging.ivg.it\/ediapi\/wp\/v2\/categories?post=279639"},{"taxonomy":"post_tag","embeddable":true,"href":"https:\/\/staging.ivg.it\/ediapi\/wp\/v2\/tags?post=279639"}],"curies":[{"name":"wp","href":"https:\/\/api.w.org\/{rel}","templated":true}]}}