{"id":279457,"date":"2014-12-16T08:51:27","date_gmt":"2014-12-16T07:51:27","guid":{"rendered":"http:\/\/www.ivg.it\/?p=279457"},"modified":"2014-12-16T09:27:17","modified_gmt":"2014-12-16T08:27:17","slug":"primarie-pd-vado-ligure","status":"publish","type":"post","link":"https:\/\/staging.ivg.it\/2014\/12\/primarie-pd-vado-ligure\/","title":{"rendered":"Primarie, Pd Vado Ligure: &#8220;Noi con Cofferati, da lui idea precisa delle complessit\u00e0 della Regione&#8221;"},"content":{"rendered":"<p><strong>Vado Ligure.<\/strong> Si avvicina la data della verit\u00e0, quell&#8217;11 gennaio 2015 in cui gli elettori del centrosinistra saranno chiamati a scegliere nell&#8217;urna il candidato Presidente della Regione Liguria. Ieri sera Sergio Cofferati era a Cairo Montenotte per parlare di \u201cAmbiente e territorio\u201d insieme a Marco Furfaro, della presidenza nazionale di Sel e Anna Giacobbe, parlamentare ligure del Pd. <\/p>\n<p>Un incontro pubblico durante il quale l&#8217;ex segretario Cgil ha raccolto l&#8217;importante sostegno del circolo Pd di Vado Ligure. &#8220;Ci schieriamo con Sergio Cofferati in modo convinto &#8211; spiegano i democratici vadesi &#8211; perch\u00e9 dimostra di avere un&#8217;idea precisa di una regione nel suo insieme e nelle sue complessit\u00e0 che possono diventare opportunit\u00e0 se competenza, concretezza e buona politica si mettono insieme&#8221;.<\/p>\n<p>&#8220;Nel considerare un&#8217;opportunit\u00e0 le primarie per portare Sergio Cofferati alla sfida vera e propria e per eleggere il nuovo &#8220;Governatore&#8221; della Regione Liguria &#8211; continua il Pd di Vado &#8211;<br \/>\n sottolineiamo la delicata situazione vadese collocata in una difficile crisi del territorio provinciale. Una Vado traino per l&#8217;economia provinciale per decenni, che ha permesso di far crescere socialmente tutta la provincia, e che ora si trova ad essere oggetto di problematiche importanti segnando negativamente anche altri territori provinciali, ma anche il ragionamento che tanti problemi non sono irrisolvibili, che forse andavano affrontati prima e con scelte politiche forti, ma la consapevolezza che con buone soluzioni e nel rispetto dell&#8217;ambiente, il sistema vadese pu\u00f2 essere nuovamente il volano di cui il territorio ha bisogno.<\/p>\n<p>&#8220;Anche per questo si crede ad un  Accordo per legare il Vadese alla Valbormida e Savona per creare cos\u00ec le basi per un nuovo rilancio territoriale. Vado ha gi\u00e0 scommesso e dato il consenso politico alla maggioranza guidata da Monica Giuliano su questi temi e in questa direzione; quindi una coalizione che abbia come riferimento certo il centro sinistra alla guida della Regione e che abbia come obiettivi anche i temi citati potrebbe essere un tassello in pi\u00f9 per raggiungere un rilancio complessivo della nostra regione&#8221;.<\/p>\n","protected":false},"excerpt":{"rendered":"<p>Vado Ligure. Si avvicina la data della verit\u00e0, quell&#8217;11 gennaio 2015 in cui gli elettori del centrosinistra saranno chiamati a scegliere nell&#8217;urna il candidato Presidente della Regione Liguria. Ieri sera Sergio Cofferati era a Cairo Montenotte per parlare di \u201cAmbiente e territorio\u201d insieme a Marco Furfaro, della presidenza nazionale di Sel e Anna Giacobbe, parlamentare [&hellip;]<\/p>\n","protected":false},"author":11917,"featured_media":0,"comment_status":"open","ping_status":"closed","sticky":false,"template":"","format":"standard","meta":{"footnotes":""},"categories":[45296,31],"tags":[197,43542,9740,85979],"class_list":["post-279457","post","type-post","status-publish","format-standard","hentry","category-copertina","category-politica","tag-pd","tag-primarie-centrosinistra","tag-sergio-cofferati","tag-vado-ligure","post_cat_citta-vado-ligure"],"amp_validity":null,"amp_enabled":true,"_links":{"self":[{"href":"https:\/\/staging.ivg.it\/ediapi\/wp\/v2\/posts\/279457","targetHints":{"allow":["GET"]}}],"collection":[{"href":"https:\/\/staging.ivg.it\/ediapi\/wp\/v2\/posts"}],"about":[{"href":"https:\/\/staging.ivg.it\/ediapi\/wp\/v2\/types\/post"}],"author":[{"embeddable":true,"href":"https:\/\/staging.ivg.it\/ediapi\/wp\/v2\/users\/11917"}],"replies":[{"embeddable":true,"href":"https:\/\/staging.ivg.it\/ediapi\/wp\/v2\/comments?post=279457"}],"version-history":[{"count":0,"href":"https:\/\/staging.ivg.it\/ediapi\/wp\/v2\/posts\/279457\/revisions"}],"wp:attachment":[{"href":"https:\/\/staging.ivg.it\/ediapi\/wp\/v2\/media?parent=279457"}],"wp:term":[{"taxonomy":"category","embeddable":true,"href":"https:\/\/staging.ivg.it\/ediapi\/wp\/v2\/categories?post=279457"},{"taxonomy":"post_tag","embeddable":true,"href":"https:\/\/staging.ivg.it\/ediapi\/wp\/v2\/tags?post=279457"}],"curies":[{"name":"wp","href":"https:\/\/api.w.org\/{rel}","templated":true}]}}