{"id":278906,"date":"2014-12-06T15:07:49","date_gmt":"2014-12-06T14:07:49","guid":{"rendered":"http:\/\/www.ivg.it\/?p=278906"},"modified":"2014-12-07T15:12:55","modified_gmt":"2014-12-07T14:12:55","slug":"niente-mercatino-dellimmacolata-noli-gli-espositori-rifiutano-di-venire-hanno-paura-dellallerta-meteo","status":"publish","type":"post","link":"https:\/\/staging.ivg.it\/2014\/12\/niente-mercatino-dellimmacolata-noli-gli-espositori-rifiutano-di-venire-hanno-paura-dellallerta-meteo\/","title":{"rendered":"Niente mercatino dell&#8217;Immacolata a Noli: &#8220;Gli espositori rifiutano di venire, hanno paura dell&#8217;allerta meteo&#8221;"},"content":{"rendered":"<p><strong>Noli.<\/strong> &#8220;In occasione del Ponte dell&#8217;Immacolata, l&#8217;amministrazione comunale nolese avrebbe voluto offrire ai suoi cittadini e ai graditi ospiti, un Mercatino in spirito natalizio&#8230; purtroppo la Ditta incaricata ha dato forfait proprio un giorno prima&#8221;. A raccontare la vicenda, dai contorni della beffa, \u00e8 il Comune di Noli attraverso la propria pagina Facebook ufficiale.<\/p>\n<p>Il 6, 7 e 8 dicembre, infatti, a Noli si sarebbe dovuto tenere un mercatino a tema natalizio. L&#8217;annullamento dell&#8217;ultimo minuto, a quanto pare, non \u00e8 per\u00f2 legato a carenze logistiche o a scarsa organizzazione, quando alla storia recente della nostra provincia, che a novembre \u00e8 stata pi\u00f9 volte flagellata dal maltempo. Per luned\u00ec infatti \u00e8 attesa una nuova perturbazione, e cos\u00ec il mercatino non si far\u00e0.<\/p>\n<p>Non si tratta, per\u00f2, di un &#8220;eccesso di precauzione&#8221; da parte del comune, ma di un vero e proprio &#8220;fuggi fuggi&#8221; degli espositori. A prescindere dal fatto che le condizioni meteo quel giorno impediscano davvero lo svolgimento del mercato o meno, infatti, questi hanno deciso a priori di non mettersi in viaggio, proprio sulla scorta di quanto accaduto nell&#8217;ultimo mese.<\/p>\n<p>La lettera con la quale l&#8217;azienda spiega il forfait \u00e8 chiara: &#8220;Le aziende che collaborano con noi da tutta Italia, dopo aver appreso le notizie dai mass media che annunciavano che questo fine settimana su alcune regioni d&#8217;Italia, e in Liguria, soprattutto in zona Genova, ci sarebbe stato ancora lo stato d&#8217;allerta, hanno ritenuto di non rischiare la propria merce sicuri che con un tempo negativo i turisti, anche pi\u00f9 vicini, da Lombardia e Piemonte, di certo non si sarebbero messi in viaggio e loro si sarebbero trovati ad affrontare spese ingenti, dato che partono tutti da lontano&#8221;.<\/p>\n<p>Oltre al danno, dunque, la beffa: gli strascichi dell&#8217;alluvione del 15 novembre, che tanto disagio hanno portato alla citt\u00e0 di Noli <em>(nella foto uno dei tanti scenari terribili di quel giorno)<\/em>, arrivano indirettamente anche a privarla del mercatino tanto atteso. Il comune, per\u00f2, \u00e8 corso prontamente ai ripari: &#8220;Abbiamo comunque cercato di accontentare i pi\u00f9 piccoli &#8211; spiegano &#8211; in Piazza Ronco oggi, domani e luned\u00ec saranno presenti due gonfiabili, truccabimbi, clown, palloncini e animazioni varie&#8221;.<\/p>\n<p>Per i pi\u00f9 grandi, invece, da Sant&#8217;Anna mercatino dell&#8217;Associazione Amici d&#8217;Europa e banchetti dei Commercianti per le vie del Borgo. Domani sotto alla Loggia della Repubblica il tradizionale mercatino dell&#8217;Artigianato. Alla faccia dell&#8217;allerta.<\/p>\n","protected":false},"excerpt":{"rendered":"<p>Noli. &#8220;In occasione del Ponte dell&#8217;Immacolata, l&#8217;amministrazione comunale nolese avrebbe voluto offrire ai suoi cittadini e ai graditi ospiti, un Mercatino in spirito natalizio&#8230; purtroppo la Ditta incaricata ha dato forfait proprio un giorno prima&#8221;. A raccontare la vicenda, dai contorni della beffa, \u00e8 il Comune di Noli attraverso la propria pagina Facebook ufficiale. Il [&hellip;]<\/p>\n","protected":false},"author":10593,"featured_media":0,"comment_status":"open","ping_status":"closed","sticky":false,"template":"","format":"standard","meta":{"footnotes":""},"categories":[45296],"tags":[3144,59598,4576,651,85925],"class_list":["post-278906","post","type-post","status-publish","format-standard","hentry","category-copertina","tag-allerta-meteo","tag-allerta-meteo-15-novembre","tag-immacolata","tag-maltempo","tag-noli","post_cat_citta-noli"],"amp_validity":null,"amp_enabled":true,"_links":{"self":[{"href":"https:\/\/staging.ivg.it\/ediapi\/wp\/v2\/posts\/278906","targetHints":{"allow":["GET"]}}],"collection":[{"href":"https:\/\/staging.ivg.it\/ediapi\/wp\/v2\/posts"}],"about":[{"href":"https:\/\/staging.ivg.it\/ediapi\/wp\/v2\/types\/post"}],"author":[{"embeddable":true,"href":"https:\/\/staging.ivg.it\/ediapi\/wp\/v2\/users\/10593"}],"replies":[{"embeddable":true,"href":"https:\/\/staging.ivg.it\/ediapi\/wp\/v2\/comments?post=278906"}],"version-history":[{"count":0,"href":"https:\/\/staging.ivg.it\/ediapi\/wp\/v2\/posts\/278906\/revisions"}],"wp:attachment":[{"href":"https:\/\/staging.ivg.it\/ediapi\/wp\/v2\/media?parent=278906"}],"wp:term":[{"taxonomy":"category","embeddable":true,"href":"https:\/\/staging.ivg.it\/ediapi\/wp\/v2\/categories?post=278906"},{"taxonomy":"post_tag","embeddable":true,"href":"https:\/\/staging.ivg.it\/ediapi\/wp\/v2\/tags?post=278906"}],"curies":[{"name":"wp","href":"https:\/\/api.w.org\/{rel}","templated":true}]}}