{"id":278752,"date":"2014-12-04T09:31:04","date_gmt":"2014-12-04T08:31:04","guid":{"rendered":"http:\/\/www.ivg.it\/?p=278752"},"modified":"2014-12-04T16:24:34","modified_gmt":"2014-12-04T15:24:34","slug":"savona-un-anno-dopo-forconi-torna-il-9-dicembre-da-domani-presidio-piazza-del-popolo","status":"publish","type":"post","link":"https:\/\/staging.ivg.it\/2014\/12\/savona-un-anno-dopo-forconi-torna-il-9-dicembre-da-domani-presidio-piazza-del-popolo\/","title":{"rendered":"Savona, un anno dopo i &#8220;Forconi&#8221; torna il &#8220;9 dicembre&#8221;: da domani presidio in Piazza del Popolo"},"content":{"rendered":"<p><strong>Savona.<\/strong> Ad un anno di distanza da quelli che mediaticamente sono stati etichettati come &#8220;forconi&#8221;, domani la voglia di cambiamento torner\u00e0 in piazza in tutta Italia, in seguito all&#8217;appello lanciato dal &#8220;Coordinamento 9 dicembre&#8221;. E come l&#8217;anno scorso anche Savona sar\u00e0 della partita: si inizier\u00e0 con un presidio permanente in Piazza del Popolo.<\/p>\n<p>Molti savonesi ancora ricordano le tre giornate dello scorso anno, dal 9 all&#8217;11 dicembre, in cui la citt\u00e0 visse una delle pagine pi\u00f9 caotiche della sua storia recente. Un fiume di giovani in piazza, a protestare contro il governo, a testimoniare un malessere ormai cos\u00ec diffuso da coinvolgere indifferentemente tutte le et\u00e0 e tutte le fasce sociali. Tre giorni in cui la citt\u00e0 fu letteralmente bloccata nella viabilit\u00e0, con i ragazzi seduti a terra in tutti gli snodi nevralgici mentre molti savonesi li incitavano dalle finestre o &#8220;partecipavano&#8221; abbassando le serrande del negozio.<\/p>\n<p>Un anno dopo, si ritenta la strada del dissenso popolare. A livello nazionale, il Coordinamento 9 Dicembre ed il suo leader Danilo Calvani hanno invitato tutta Italia a scendere in piazza a partire da domattina e a tempo indeterminato, per &#8220;l&#8217;inizio delle ostilit\u00e0 contro l&#8217;attuale regime politico, che ha usurpato la nostra Costituzione e i nostri diritti&#8221;. Il tutto in attesa della risposta del governo sull&#8217;ultimatum lanciato dal movimento.<\/p>\n<p>Otto i punti che il Coordinamento &#8220;esige&#8221;, tra cui l&#8217;immediato scioglimento delle camere, le dimissioni di Napolitano, il ritorno alle urne con sistema proporzionale, il ripristino della sovranit\u00e0 &#8220;monetaria, popolare e territoriale&#8221;, il disconoscimento di tutti i trattati internazionali firmati dall&#8217;Italia a partire dal 2006, e l&#8217;istituzione di un Tribunale Speciale che indaghi contro i responsabili della crisi.<\/p>\n<p>&#8220;Il Coordinamento 9 Dicembre, da tale data del 5 dicembre, concede quattro giorni di tempo a tutti gli usurpatori Costituzionali, per lasciare libere dalla loro presenza corrotta e pericolosa le nostre Istituzioni&#8221;: l&#8217;ultimatum scadr\u00e0 dunque &#8220;in modo irrevocabile&#8221;, appunto, il 9 dicembre, termine dopo il quale la &#8220;Rivoluzione&#8221;, promettono, assumer\u00e0 contorni pi\u00f9 decisi. &#8220;Non faremo prigionieri &#8211; avvertono sul loro sito www.cambiarelecose.it &#8211; andremo fino in fondo&#8221;.<\/p>\n<p>E come l&#8217;anno scorso anche quest&#8217;anno, a quanto pare, Savona risponder\u00e0 &#8220;presente&#8221;. A livello locale si \u00e8 creato un coordinamento per gestire, anche a livello logistico, le giornate di protesta: si inizier\u00e0 domani mattina, con il ritrovo alle ore 6.30 in Piazza del Popolo. &#8220;Chi ha bandiere italiane le porti &#8211; \u00e8 l&#8217;invito dei coordinatori &#8211; pi\u00f9 ce ne sono meglio \u00e8&#8221;. Da l\u00ec la speranza era quella di spostarsi sabato in piazza del Brandale, ma il permesso \u00e8 stato negato all&#8217;ultimo: per ora dunque il presidio dovrebbe rimanere stabile nella piazza del mercato, in attesa degli sviluppi nazionali.<\/p>\n","protected":false},"excerpt":{"rendered":"<p>Savona. Ad un anno di distanza da quelli che mediaticamente sono stati etichettati come &#8220;forconi&#8221;, domani la voglia di cambiamento torner\u00e0 in piazza in tutta Italia, in seguito all&#8217;appello lanciato dal &#8220;Coordinamento 9 dicembre&#8221;. E come l&#8217;anno scorso anche Savona sar\u00e0 della partita: si inizier\u00e0 con un presidio permanente in Piazza del Popolo. Molti savonesi [&hellip;]<\/p>\n","protected":false},"author":10593,"featured_media":0,"comment_status":"open","ping_status":"closed","sticky":false,"template":"","format":"standard","meta":{"footnotes":""},"categories":[45296,34,31],"tags":[50553,50774,1497,781,85850],"class_list":["post-278752","post","type-post","status-publish","format-standard","hentry","category-copertina","category-cronaca","category-politica","tag-coordinamento-9-dicembre","tag-forconi","tag-presidio","tag-protesta","tag-savona","post_cat_citta-savona"],"amp_validity":null,"amp_enabled":true,"_links":{"self":[{"href":"https:\/\/staging.ivg.it\/ediapi\/wp\/v2\/posts\/278752","targetHints":{"allow":["GET"]}}],"collection":[{"href":"https:\/\/staging.ivg.it\/ediapi\/wp\/v2\/posts"}],"about":[{"href":"https:\/\/staging.ivg.it\/ediapi\/wp\/v2\/types\/post"}],"author":[{"embeddable":true,"href":"https:\/\/staging.ivg.it\/ediapi\/wp\/v2\/users\/10593"}],"replies":[{"embeddable":true,"href":"https:\/\/staging.ivg.it\/ediapi\/wp\/v2\/comments?post=278752"}],"version-history":[{"count":0,"href":"https:\/\/staging.ivg.it\/ediapi\/wp\/v2\/posts\/278752\/revisions"}],"wp:attachment":[{"href":"https:\/\/staging.ivg.it\/ediapi\/wp\/v2\/media?parent=278752"}],"wp:term":[{"taxonomy":"category","embeddable":true,"href":"https:\/\/staging.ivg.it\/ediapi\/wp\/v2\/categories?post=278752"},{"taxonomy":"post_tag","embeddable":true,"href":"https:\/\/staging.ivg.it\/ediapi\/wp\/v2\/tags?post=278752"}],"curies":[{"name":"wp","href":"https:\/\/api.w.org\/{rel}","templated":true}]}}