{"id":278699,"date":"2014-12-03T14:18:22","date_gmt":"2014-12-03T13:18:22","guid":{"rendered":"http:\/\/www.ivg.it\/?p=278699"},"modified":"2014-12-03T17:52:55","modified_gmt":"2014-12-03T16:52:55","slug":"carabinieri-e-le-loro-famiglie-presentato-il-calendario-storico-dellarma-2015","status":"publish","type":"post","link":"https:\/\/staging.ivg.it\/2014\/12\/carabinieri-e-le-loro-famiglie-presentato-il-calendario-storico-dellarma-2015\/","title":{"rendered":"I Carabinieri e le loro famiglie: presentato il Calendario storico dell&#8217;Arma 2015"},"content":{"rendered":"<p><strong>Savona.<\/strong> Il lato pi\u00f9 umano dell&#8217;Arma dei Carabinieri, tra medaglie, gesta eroiche, ma anche vita di tutti giorni, segnata, come ogni esistenza, da affetti, gioia e dolore. Proprio questo aspetto, gli uomini e donne Carabinieri e le loro famiglie, \u00e8 il filo conduttore del calendario storico 2015, presentato oggi a Savona. <\/p>\n<p>Si passa dall&#8217;anno di fondazione 1861, con l&#8217;unit\u00e0 d&#8217;Italia, al fronte della Prima Guerra d&#8217;Indipendenza, con una lettera del Comandante dei tre Squadroni Carabinieri alla madre; dalla battaglia di Adua all&#8217;eroismo di Salvo D&#8217;Acquisto, giovane Carabiniere che nel 1943 sacrific\u00f2 la sua vita di fronte alla barbarie nazifascista.<\/p>\n<p>Ancora: c&#8217;\u00e8 il testamento del Maresciallo Francesco Pepicelli che nello stesso anno ader\u00ec al Fronte Clandestino di Resistenza dei Carabinieri. \u201cOlga mia &#8211; scrisse alla moglie -, quando leggerai queste mie parole, scritte forse tanti anni f\u00e0 o solo da pochi, il mio corpo \u00e8 immoto, la mia vita \u00e8 spenta&#8230;\u201d. Olga lesse quelle parole dopo il 24 marzo 1944, data dell\u2019eccidio<br \/>\ndelle Fosse Ardeatine, quando il suo sposo gi\u00e0 era stato barbaramente trucidato dai nazisti insieme ad altri 334 italiani, fra i quali undici militari dell\u2019Arma.<\/p>\n<p>C&#8217;\u00e8 infine Mamma Santuccia e i \u201csuoi\u201d 12 Carabinieri tra figli, nipoti, pronipoti e cugini. La mattina del 18 maggio 1977 ricevette la notizia che il figlio Alfredo era caduto in un conflitto a fuoco con dei malviventi, nel centro marchigiano di Porto San Giorgio.<\/p>\n<p>&#8220;A quelle famiglie, alle nostre famiglie &#8211; scrive l&#8217;Arma &#8211; va il nostro pensiero riconoscente. A tutti noi, consapevoli custodi di questo immenso patrimonio etico, il compito di avviarci sui sentieri del terzo secolo di vita dell\u2019Arma, al servizio della Patria e degli italiani&#8221;.<\/p>\n","protected":false},"excerpt":{"rendered":"<p>Savona. Il lato pi\u00f9 umano dell&#8217;Arma dei Carabinieri, tra medaglie, gesta eroiche, ma anche vita di tutti giorni, segnata, come ogni esistenza, da affetti, gioia e dolore. Proprio questo aspetto, gli uomini e donne Carabinieri e le loro famiglie, \u00e8 il filo conduttore del calendario storico 2015, presentato oggi a Savona. Si passa dall&#8217;anno di [&hellip;]<\/p>\n","protected":false},"author":11917,"featured_media":0,"comment_status":"open","ping_status":"closed","sticky":false,"template":"","format":"standard","meta":{"footnotes":""},"categories":[45296],"tags":[228,85850],"class_list":["post-278699","post","type-post","status-publish","format-standard","hentry","category-copertina","tag-carabinieri","tag-savona","post_cat_citta-savona"],"amp_validity":null,"amp_enabled":true,"_links":{"self":[{"href":"https:\/\/staging.ivg.it\/ediapi\/wp\/v2\/posts\/278699","targetHints":{"allow":["GET"]}}],"collection":[{"href":"https:\/\/staging.ivg.it\/ediapi\/wp\/v2\/posts"}],"about":[{"href":"https:\/\/staging.ivg.it\/ediapi\/wp\/v2\/types\/post"}],"author":[{"embeddable":true,"href":"https:\/\/staging.ivg.it\/ediapi\/wp\/v2\/users\/11917"}],"replies":[{"embeddable":true,"href":"https:\/\/staging.ivg.it\/ediapi\/wp\/v2\/comments?post=278699"}],"version-history":[{"count":0,"href":"https:\/\/staging.ivg.it\/ediapi\/wp\/v2\/posts\/278699\/revisions"}],"wp:attachment":[{"href":"https:\/\/staging.ivg.it\/ediapi\/wp\/v2\/media?parent=278699"}],"wp:term":[{"taxonomy":"category","embeddable":true,"href":"https:\/\/staging.ivg.it\/ediapi\/wp\/v2\/categories?post=278699"},{"taxonomy":"post_tag","embeddable":true,"href":"https:\/\/staging.ivg.it\/ediapi\/wp\/v2\/tags?post=278699"}],"curies":[{"name":"wp","href":"https:\/\/api.w.org\/{rel}","templated":true}]}}