{"id":278626,"date":"2014-12-02T15:42:50","date_gmt":"2014-12-02T14:42:50","guid":{"rendered":"http:\/\/www.ivg.it\/?p=278626"},"modified":"2014-12-03T12:50:12","modified_gmt":"2014-12-03T11:50:12","slug":"tirreno-power-nessuna-sospensione-della-conferenza-dei-servizi-il-ministero-conferma-che-liter-va-avanti","status":"publish","type":"post","link":"https:\/\/staging.ivg.it\/2014\/12\/tirreno-power-nessuna-sospensione-della-conferenza-dei-servizi-il-ministero-conferma-che-liter-va-avanti\/","title":{"rendered":"Tirreno Power, nessuna sospensione della conferenza dei servizi: il Ministero conferma che l&#8217;iter va avanti"},"content":{"rendered":"<p><strong>Vado L. <\/strong>La sospensione delle delibere da parte di Regione e Comuni di Quiliano e Vado Ligure non basta a fermare la conferenza dei servizi per il rinnovo anticipato dell&#8217;AIA (Autorizzazione Integrata Ambientale) per la centrale Tirreno Power di Vado Ligure. A dirlo \u00e8 direttamente il Ministero dell&#8217;Ambiente che, rivolgendosi direttamente agli enti locali, chiarisce che l&#8217;aver sospeso le deliberazioni dello scorso settembre (con le quali si esprimeva parere favorevole alla prosecuzione dell&#8217;attivit\u00e0 della centrale) &#8220;non pu\u00f2 comportare in alcuna misura la possibilit\u00e0 di una rimessione della questione al Consiglio dei Ministri&#8221;.<\/p>\n<p>Il Ministero, questa mattina, ha inviato una lettera alle parti coinvolte nella conferenza dei servizi proprio per chiarire, allo stato attuale, nessuna richiesta di sospensione dell&#8217;iter pu\u00f2 essere accolta. Citando la legge 241 del 7 agosto 1990 (articolo 14 ter, comma 7) dal Ministero viene precisato che &#8220;si considera acquisito l&#8217;assenso dell&#8217;amministrazione il cui rappresentante, all&#8217;esito dei lavori della Conferenza, non abbia espresso definitivamente la volont\u00e0 dell&#8217;amministrazione rappresentata&#8221;. Il messaggio \u00e8 chiaro, ma viene ribadito anche qualche riga pi\u00f9 sotto dove si legge che &#8220;la dichiarata volont\u00e0 di Regione ed enti locali di &#8216;non volersi esprimere&#8217; equivale ad una condivisione del parere della Commissione istruttoria per l&#8217;AIA Ippc oggetto della prossima riuniona del 4 dicembre&#8221;.<\/p>\n<p>Il Ministero non si limita a negare la sospensione della conferenza dei servizi, ma chiarisce anche a quali condizioni potrebbe scattare: ovvero solo davanti al &#8220;dissenso di uno o pi\u00f9 rappresentanti delle amministrazioni&#8221; che &#8220;deve essere manifestato nella conferenza dei servizi e deve essere congruamente motivato&#8221;. Solo in questo caso allora la questione sarebbe rimessa alla deliberazione del consiglio dei Ministri.<\/p>\n<p>Alla luce della comunicazione ministeriale \u00e8 chiaro che gioved\u00ec pomeriggio l&#8217;iter per il rinnovo anticipato dell&#8217;AIA non dovrebbe subire nessuno stop, ma, al contrario, dovrebbe procedere regolarmente. Un passaggio che, fino a ieri, alla luce delle prese di posizione delle amministrazioni e dei pareri sanitari negativi, non appariva cos\u00ec scontato. Adesso per vedere intervenire il Governo, come auspicato nella scorsa settimana, i sindaci di Quiliano e Vado e la Regione dovrebbero decidere di prendere una posizione ben precisa contro la centrale di Vado.<\/p>\n<p>Intanto, mentre dal Ministero dell&#8217;Ambiente partiva la lettera a proposito della conferenza dei servizi, in Procura proprio un funzionario di quell&#8217;uffico veniva ascoltato come persona informata sui fatti dai magistrati savonesi. Un&#8217;audizione sulla quale non trapela nulla di pi\u00f9.<\/p>\n","protected":false},"excerpt":{"rendered":"<p>Vado L. La sospensione delle delibere da parte di Regione e Comuni di Quiliano e Vado Ligure non basta a fermare la conferenza dei servizi per il rinnovo anticipato dell&#8217;AIA (Autorizzazione Integrata Ambientale) per la centrale Tirreno Power di Vado Ligure. A dirlo \u00e8 direttamente il Ministero dell&#8217;Ambiente che, rivolgendosi direttamente agli enti locali, chiarisce [&hellip;]<\/p>\n","protected":false},"author":2394,"featured_media":0,"comment_status":"open","ping_status":"closed","sticky":false,"template":"","format":"standard","meta":{"footnotes":""},"categories":[45296,34],"tags":[2237,6675,521,15572,3931,85979],"class_list":["post-278626","post","type-post","status-publish","format-standard","hentry","category-copertina","category-cronaca","tag-aia","tag-conferenza-dei-servizi","tag-lettera","tag-ministero-dellambiente","tag-tirreno-power","tag-vado-ligure","post_cat_citta-vado-ligure"],"amp_validity":null,"amp_enabled":true,"_links":{"self":[{"href":"https:\/\/staging.ivg.it\/ediapi\/wp\/v2\/posts\/278626","targetHints":{"allow":["GET"]}}],"collection":[{"href":"https:\/\/staging.ivg.it\/ediapi\/wp\/v2\/posts"}],"about":[{"href":"https:\/\/staging.ivg.it\/ediapi\/wp\/v2\/types\/post"}],"author":[{"embeddable":true,"href":"https:\/\/staging.ivg.it\/ediapi\/wp\/v2\/users\/2394"}],"replies":[{"embeddable":true,"href":"https:\/\/staging.ivg.it\/ediapi\/wp\/v2\/comments?post=278626"}],"version-history":[{"count":0,"href":"https:\/\/staging.ivg.it\/ediapi\/wp\/v2\/posts\/278626\/revisions"}],"wp:attachment":[{"href":"https:\/\/staging.ivg.it\/ediapi\/wp\/v2\/media?parent=278626"}],"wp:term":[{"taxonomy":"category","embeddable":true,"href":"https:\/\/staging.ivg.it\/ediapi\/wp\/v2\/categories?post=278626"},{"taxonomy":"post_tag","embeddable":true,"href":"https:\/\/staging.ivg.it\/ediapi\/wp\/v2\/tags?post=278626"}],"curies":[{"name":"wp","href":"https:\/\/api.w.org\/{rel}","templated":true}]}}