{"id":278574,"date":"2014-12-01T17:45:08","date_gmt":"2014-12-01T16:45:08","guid":{"rendered":"http:\/\/www.ivg.it\/?p=278574"},"modified":"2014-12-02T12:21:46","modified_gmt":"2014-12-02T11:21:46","slug":"tirreno-power-lazienda-gioca-la-sua-carta-ai-comuni-allasl-e-ai-ministeri-una-relazione-di-parte-che-critica-la-consulenza-dei-pm","status":"publish","type":"post","link":"https:\/\/staging.ivg.it\/2014\/12\/tirreno-power-lazienda-gioca-la-sua-carta-ai-comuni-allasl-e-ai-ministeri-una-relazione-di-parte-che-critica-la-consulenza-dei-pm\/","title":{"rendered":"Tirreno Power gioca la sua carta: ai Comuni, all&#8217;Asl e ai Ministeri una relazione di parte che critica la consulenza dei pm"},"content":{"rendered":"<p><strong>Vado L.<\/strong> La strada verso il rinnovo anticipato dell&#8217;AIA per la centrale di Vado Ligure, nelle scorse settimane, si \u00e8 fatta sempre pi\u00f9 in salita e cos\u00ec l&#8217;azienda ha deciso di sferrare un contrattacco. Alla luce dei recenti pareri sanitari di Asl 2 Savonese e Ministero della Salute, sulla base dei quali anche gli enti locali (Regione, Comuni e Provincia) hanno fatto marcia indietro, Tirreno Power si gioca la carta di una relazione che analizza il lavoro dei periti nominati dai magistrati.<\/p>\n<p>Un documento, redatto nel febbraio scorso da un consulente tecnico dell&#8217;azienda, il professor Domenico Cavallo, docente di Medicina del Lavoro presso l&#8217;Universit\u00e0 dell&#8217;Insubria, attraverso il quale si espongono le criticit\u00e0 riscontrate nel lavoro dei consulenti della Procura (i dottori Paolo Franceschi, Stefano Scarselli e Paolo Crosignani). Visto che i recenti pareri sanitari negativi sulla centrale prendono le mosse proprio dalla consulenza dell&#8217;accusa, l&#8217;azienda ha quindi deciso di inviare ai sindaci di Vado e Quiliano, all&#8217;Asl, ma anche al Ministero dell&#8217;Ambiente e a quello della Salute, la relazione del Prof. Cavallo che, di fatto, non condivide le conclusioni alle quali sono arrivati i periti nominati dai pm.<\/p>\n<p>La relazione finora era stata depositata soltanto in Procura, ma visto l&#8217;andamento della conferenza dei servizi, l&#8217;azienda ha probabilmente ritenuto che fosse arrivato il momento di trasmetterla (come &#8220;supporto informativo&#8221;) anche agli enti locali e ai Ministeri. Cos\u00ec stamattina ha inoltrato la documentazione che, oltre alle &#8220;note critiche&#8221; sulle perizie, contiene anche i due documenti redatti dall&#8217;Ist di Genova, e datati rispettivamente 9 luglio e 24 novembre, nei quali viene fatta una valutazione dell&#8217;Analisi Epidemiologica redatta per stimare l&#8217;impatto sulla salute dell&#8217;inquinamento atmosferico attribuibile alle emissioni prodotte dalla centrale di Vado Ligure.<\/p>\n<p>Documenti che indicano una serie di &#8220;limiti&#8221; riscontrati nella consulenza della Procura (proprio questi pareri discordanti dovrebbero essere stati oggetto dell&#8217;audizione di venerd\u00ec scorso a palazzo di Giustizia alla presenza dei periti). In particolare, in quello datato novembre, dell&#8217;Ist, in riferimento proprio alla consulenza dell&#8217;accusa, scrivono: &#8220;si tratta di un documento molto debole sul piano tecnico e che non permette di trarre alcuna conclusione, n\u00e9 in senso positivo n\u00e9 in senso negativo, sugli effetti sanitari delle attivit\u00e0 della centrale a carbone Tirreno Power di Vado.<\/p>\n<p>Per quanto riguarda invece il lavoro del Professor Cavallo, si legge che &#8220;gli elementi di critica nei confronti dello studio dei Dr. Crosignani e Dr.Franceschi sono: la definizione delle soglie di esposizione agli indicatori di inquinanti; la definizione dell\u2019area geografica a rischio, e di conseguenza delle esposizioni dei diversi soggetti; l\u2019elenco delle malattie considerate, in particolare quelle respiratorie nei bambini che riconoscono cause principali infettive&#8221;.<\/p>\n<p>A proposito invece della consulenza del Dottor Scarselli invece, nelle conclusioni, il consulente tecnico di Tirreno Power scrive che &#8220;appare del tutto chiaro ed evidente il &#8216;bias&#8217; (errore sistematico) che si andrebbe ad introdurre se fossero considerate le prime anzich\u00e9 le seconde stime rese disponibili dal Dott. Scarselli. La valutazione dell\u2019esposizione ottenuta con &#8216;stime matematiche&#8217; poco chiare e non suffragate da test di robustezza e sensitivit\u00e0 del modello non pu\u00f2 essere accettata in virt\u00f9 dei macroscopici errori che si ottengono in questo modo&#8221;.<\/p>\n<p>Tesi che, ovviamente, si contrappongono a quelle contenute nella consulenza della Procura sulla quale si basano gli ultimi pareri sanitari. La scelta di farle conoscere a chi si sta occupando del rinnovo anticipato dell&#8217;AIA per la centrale, e di conseguenza del futuro dell&#8217;impianto di Vado Ligure, non \u00e8 certamente casuale. Chiss\u00e0 se la mossa dell&#8217;azienda potr\u00e0 rimescolare ancora una volta le carte in vista della conferenza dei servizi fissata per gioved\u00ec a Roma.<\/p>\n","protected":false},"excerpt":{"rendered":"<p>Vado L. La strada verso il rinnovo anticipato dell&#8217;AIA per la centrale di Vado Ligure, nelle scorse settimane, si \u00e8 fatta sempre pi\u00f9 in salita e cos\u00ec l&#8217;azienda ha deciso di sferrare un contrattacco. Alla luce dei recenti pareri sanitari di Asl 2 Savonese e Ministero della Salute, sulla base dei quali anche gli enti [&hellip;]<\/p>\n","protected":false},"author":2394,"featured_media":0,"comment_status":"open","ping_status":"closed","sticky":false,"template":"","format":"standard","meta":{"footnotes":""},"categories":[45296,34],"tags":[521,3931,85979],"class_list":["post-278574","post","type-post","status-publish","format-standard","hentry","category-copertina","category-cronaca","tag-lettera","tag-tirreno-power","tag-vado-ligure","post_cat_citta-vado-ligure"],"amp_validity":null,"amp_enabled":true,"_links":{"self":[{"href":"https:\/\/staging.ivg.it\/ediapi\/wp\/v2\/posts\/278574","targetHints":{"allow":["GET"]}}],"collection":[{"href":"https:\/\/staging.ivg.it\/ediapi\/wp\/v2\/posts"}],"about":[{"href":"https:\/\/staging.ivg.it\/ediapi\/wp\/v2\/types\/post"}],"author":[{"embeddable":true,"href":"https:\/\/staging.ivg.it\/ediapi\/wp\/v2\/users\/2394"}],"replies":[{"embeddable":true,"href":"https:\/\/staging.ivg.it\/ediapi\/wp\/v2\/comments?post=278574"}],"version-history":[{"count":0,"href":"https:\/\/staging.ivg.it\/ediapi\/wp\/v2\/posts\/278574\/revisions"}],"wp:attachment":[{"href":"https:\/\/staging.ivg.it\/ediapi\/wp\/v2\/media?parent=278574"}],"wp:term":[{"taxonomy":"category","embeddable":true,"href":"https:\/\/staging.ivg.it\/ediapi\/wp\/v2\/categories?post=278574"},{"taxonomy":"post_tag","embeddable":true,"href":"https:\/\/staging.ivg.it\/ediapi\/wp\/v2\/tags?post=278574"}],"curies":[{"name":"wp","href":"https:\/\/api.w.org\/{rel}","templated":true}]}}