{"id":278249,"date":"2014-11-26T14:58:14","date_gmt":"2014-11-26T13:58:14","guid":{"rendered":"http:\/\/www.ivg.it\/?p=278249"},"modified":"2014-11-26T16:27:39","modified_gmt":"2014-11-26T15:27:39","slug":"fallimento-savona-calcio-assessore-martino-sono-sereno-al-momento-nessuna-richiesta-di-rinvio-giudizio-mio-carico","status":"publish","type":"post","link":"https:\/\/staging.ivg.it\/2014\/11\/fallimento-savona-calcio-assessore-martino-sono-sereno-al-momento-nessuna-richiesta-di-rinvio-giudizio-mio-carico\/","title":{"rendered":"Fallimento Savona Calcio, assessore Martino: &#8220;Sono sereno, al momento nessuna richiesta di rinvio a giudizio a mio carico&#8221;"},"content":{"rendered":"<p><strong>Savona.<\/strong> &#8220;Questa mattina il mio avvocato, l&#8217;avv. Franco Vazio, ha potuto verificare che per il momento non \u00e8 stata depositata alcuna richiesta di rinvio a giudizio&#8221;.<\/p>\n<p>Luca Martino, assessore allo Sport del Comune di Savona, commenta cos\u00ec le notizie che lo indicano tra le cinque persone per cui la procura di Savona avrebbe richiesto il rinvio a giudizio nella vicenda del fallimento del Savona calcio (per tre persone il pm ha chiesto l&#8217;archiviazione). Martino sarebbe accusato di bancarotta, distrazione e altri reati legati alla contabilit\u00e0 del Savona calcio in quanto membro del consiglio di amministrazione in rappresentanza del Comune.<\/p>\n<p>&#8220;Non mi \u00e8 possibile, n\u00e9 sarebbe serio &#8211; continua l&#8217;assessore &#8211; commentare un atto che non ho visto perch\u00e9 non mi \u00e8 stato notificato. Confermo che appena entrer\u00f2 in possesso dell\u2019atto del Pubblico Ministero avr\u00f2 modo di valutarlo e commentarlo&#8221;.<\/p>\n<p>&#8220;Vero \u00e8 che &#8211; spiega ancora &#8211; abbiamo depositato una memoria per chiarire con testimoni e documenti tutte le contestazioni che mi sono state sollevate e che siamo in attesa delle relative decisioni. Sono certo che il Sig. Pubblico Ministero valuter\u00e0 con la massima attenzione quanto illustrato e documentato dal mio avvocato, cos\u00ec come sono altrettanto convinto che la mia posizione sar\u00e0 totalmente chiarita, essendo di assoluta evidenza la mia totale estraneit\u00e0 a qualsiasi presunta condotta scorretta in questa vicenda. Resto come sempre fiducioso nell&#8217;operato della Magistratura e assolutamente sereno&#8221;.<\/p>\n","protected":false},"excerpt":{"rendered":"<p>Savona. &#8220;Questa mattina il mio avvocato, l&#8217;avv. Franco Vazio, ha potuto verificare che per il momento non \u00e8 stata depositata alcuna richiesta di rinvio a giudizio&#8221;. Luca Martino, assessore allo Sport del Comune di Savona, commenta cos\u00ec le notizie che lo indicano tra le cinque persone per cui la procura di Savona avrebbe richiesto il [&hellip;]<\/p>\n","protected":false},"author":11917,"featured_media":0,"comment_status":"open","ping_status":"closed","sticky":false,"template":"","format":"standard","meta":{"footnotes":""},"categories":[45296,34],"tags":[1346,1981,86042],"class_list":["post-278249","post","type-post","status-publish","format-standard","hentry","category-copertina","category-cronaca","tag-luca-martino","tag-processo","tag-savona-calcio","post_cat_citta-savona"],"amp_validity":null,"amp_enabled":true,"_links":{"self":[{"href":"https:\/\/staging.ivg.it\/ediapi\/wp\/v2\/posts\/278249","targetHints":{"allow":["GET"]}}],"collection":[{"href":"https:\/\/staging.ivg.it\/ediapi\/wp\/v2\/posts"}],"about":[{"href":"https:\/\/staging.ivg.it\/ediapi\/wp\/v2\/types\/post"}],"author":[{"embeddable":true,"href":"https:\/\/staging.ivg.it\/ediapi\/wp\/v2\/users\/11917"}],"replies":[{"embeddable":true,"href":"https:\/\/staging.ivg.it\/ediapi\/wp\/v2\/comments?post=278249"}],"version-history":[{"count":0,"href":"https:\/\/staging.ivg.it\/ediapi\/wp\/v2\/posts\/278249\/revisions"}],"wp:attachment":[{"href":"https:\/\/staging.ivg.it\/ediapi\/wp\/v2\/media?parent=278249"}],"wp:term":[{"taxonomy":"category","embeddable":true,"href":"https:\/\/staging.ivg.it\/ediapi\/wp\/v2\/categories?post=278249"},{"taxonomy":"post_tag","embeddable":true,"href":"https:\/\/staging.ivg.it\/ediapi\/wp\/v2\/tags?post=278249"}],"curies":[{"name":"wp","href":"https:\/\/api.w.org\/{rel}","templated":true}]}}