{"id":278245,"date":"2014-11-26T14:01:54","date_gmt":"2014-11-26T13:01:54","guid":{"rendered":"http:\/\/www.ivg.it\/?p=278245"},"modified":"2014-11-27T18:35:40","modified_gmt":"2014-11-27T17:35:40","slug":"torna-la-colletta-alimentare-provincia-di-savona-settanta-punti-vendita-e-mille-volontari-per-battere-la-poverta","status":"publish","type":"post","link":"https:\/\/staging.ivg.it\/2014\/11\/torna-la-colletta-alimentare-provincia-di-savona-settanta-punti-vendita-e-mille-volontari-per-battere-la-poverta\/","title":{"rendered":"Torna la colletta alimentare in provincia di Savona: settanta punti vendita e mille volontari per battere la povert\u00e0"},"content":{"rendered":"<p><strong>Provincia.<\/strong> Ci sono i freddi numeri della crisi, che avvolte appaiono distanti. Poi c&#8217;\u00e8 la vita quotidiana, con la disoccupazione a livelli record, il lavoro &#8220;povero&#8221; e le difficolt\u00e0 di ogni giorno. Il tutto a creare una situazione in cui sono sempre di pi\u00f9 le persone che, letteralmente, non riescono a mettere insieme il pranzo con la cena. <\/p>\n<p>Per questo torna, pi\u00f9 necessaria che mai, la Giornata Nazionale della Colletta Alimentare organizzata dalla Fondazione Banco Alimentare Onlus. Giunta ormai alla sua 18\u00b0 edizione, l&#8217;iniziativa si terr\u00e0 sabato 29 novembre 2014. <\/p>\n<p>&#8220;Un appuntamento importante &#8211; spiegano gli organizzatori &#8211; che coinvolge e sensibilizza la societ\u00e0 civile al problema della povert\u00e0, invitando le persone a compiere un piccolo ma concreto gesto come quello di fare la spesa per chi ne ha pi\u00f9 bisogno acquistando e donando uno dei prodotti richiesti: olio, prodotti per l\u2019infanzia, prodotti in scatola come tonno, carne, pelati e legumi, biscotti&#8221;.<\/p>\n<p>Nel territorio da Varazze a Finale e fino alla Valbormida saranno una settantina\u00a0i punti vendita che aderiranno all\u2019iniziativa e saranno pi\u00f9 di mille i volontari impegnati nella raccolta.<\/p>\n<p>Tutto il materiale raccolto nella giornata della Colletta verr\u00e0 conservato nel magazzino messo a disposizione dal Comune di Savona e subito redistribuito sul territorio. Alla Colletta Alimentare aderisce anche Poste Italiane che metter\u00e0 a disposizione un mezzo aziendale per il trasporto dei generi alimentari raccolti presso i supermercati che aderiscono all\u2019iniziativa e destinati ai magazzini provinciali degli enti benefici convenzionati con il Banco Alimentare. I dipendenti sono stati inoltre invitati ad aderire sia con la spesa sia partecipando come volontari. <\/p>\n<p>L&#8217;invito, naturalmente, \u00e8 rivolto a chi potr\u00e0 contribuire a dare una mano alle fasce pi\u00f9 deboli della popolazione. <\/p>\n","protected":false},"excerpt":{"rendered":"<p>Provincia. Ci sono i freddi numeri della crisi, che avvolte appaiono distanti. Poi c&#8217;\u00e8 la vita quotidiana, con la disoccupazione a livelli record, il lavoro &#8220;povero&#8221; e le difficolt\u00e0 di ogni giorno. Il tutto a creare una situazione in cui sono sempre di pi\u00f9 le persone che, letteralmente, non riescono a mettere insieme il pranzo [&hellip;]<\/p>\n","protected":false},"author":11917,"featured_media":0,"comment_status":"open","ping_status":"closed","sticky":false,"template":"","format":"standard","meta":{"footnotes":""},"categories":[45296],"tags":[2209,4398,1141,3585],"class_list":["post-278245","post","type-post","status-publish","format-standard","hentry","category-copertina","tag-cibo","tag-colletta-alimentare","tag-poverta","tag-provincia-savona"],"amp_validity":null,"amp_enabled":true,"_links":{"self":[{"href":"https:\/\/staging.ivg.it\/ediapi\/wp\/v2\/posts\/278245","targetHints":{"allow":["GET"]}}],"collection":[{"href":"https:\/\/staging.ivg.it\/ediapi\/wp\/v2\/posts"}],"about":[{"href":"https:\/\/staging.ivg.it\/ediapi\/wp\/v2\/types\/post"}],"author":[{"embeddable":true,"href":"https:\/\/staging.ivg.it\/ediapi\/wp\/v2\/users\/11917"}],"replies":[{"embeddable":true,"href":"https:\/\/staging.ivg.it\/ediapi\/wp\/v2\/comments?post=278245"}],"version-history":[{"count":0,"href":"https:\/\/staging.ivg.it\/ediapi\/wp\/v2\/posts\/278245\/revisions"}],"wp:attachment":[{"href":"https:\/\/staging.ivg.it\/ediapi\/wp\/v2\/media?parent=278245"}],"wp:term":[{"taxonomy":"category","embeddable":true,"href":"https:\/\/staging.ivg.it\/ediapi\/wp\/v2\/categories?post=278245"},{"taxonomy":"post_tag","embeddable":true,"href":"https:\/\/staging.ivg.it\/ediapi\/wp\/v2\/tags?post=278245"}],"curies":[{"name":"wp","href":"https:\/\/api.w.org\/{rel}","templated":true}]}}