{"id":278078,"date":"2014-11-24T13:02:08","date_gmt":"2014-11-24T12:02:08","guid":{"rendered":"http:\/\/www.ivg.it\/?p=278078"},"modified":"2014-11-24T15:56:22","modified_gmt":"2014-11-24T14:56:22","slug":"riorganizzazione-della-polizia-di-stato-il-sindacato-coisp-lancia-lallarme-cosi-si-uccide-la-sicurezza","status":"publish","type":"post","link":"https:\/\/staging.ivg.it\/2014\/11\/riorganizzazione-della-polizia-di-stato-il-sindacato-coisp-lancia-lallarme-cosi-si-uccide-la-sicurezza\/","title":{"rendered":"Riorganizzazione della Polizia di Stato, il sindacato Coisp lancia l\u2019allarme: &#8220;Cos\u00ec si uccide la sicurezza&#8221;"},"content":{"rendered":"<p><b>Savona. \u201c<\/b>L\u2019ennesimo\u201d progetto di riorganizzazione degli uffici della Polizia di Stato su tutto il territorio scatena l\u2019indignazione del sindacato di polizia Coisp. Il segretario provinciale Emiliano Bianchi afferma: \u201cA leggere l\u2019ennesima bozza vien da pensare purtroppo che chi l\u2019ha redatta non sia per nulla a conoscenza dell\u2019attivit\u00e0, della specificit\u00e0 e della mole di lavoro dei numerosi Uffici di polizia che esistono sul territorio italiano\u201d.<\/p>\n<p>La piano di \u201criorganizzazione\u201d in questione prevede: la chiusura della Polizia Stradale di Finale Ligure; chiusura della Sezione di Polizia Postale di Savona. E poi declassare la polizia di Frontiera Marittima e chiudere le squadre nautiche di Savona e Alassio.<\/p>\n<p>\u201cA noi pi\u00f9 che un progetto di \u201criorganizzazione\u201d &#8211; commenta Bianchi &#8211; questo ci appare pi\u00f9 come un tentativo di mortificare nonch\u00e9 uccidere definitivamente la sicurezza nel nostro beneamato Paese. Sicurezza che non \u00e8 tra le priorit\u00e0 di chi ci governa\u201d.<\/p>\n<p>\u201cQuesta non \u00e8 prevenzione! Non \u00e8 sicurezza! Questo \u00e8 semplicemente uccidere la Polizia di Stato!\u201d conclude Bianchi.<\/p>\n","protected":false},"excerpt":{"rendered":"<p>Savona. \u201cL\u2019ennesimo\u201d progetto di riorganizzazione degli uffici della Polizia di Stato su tutto il territorio scatena l\u2019indignazione del sindacato di polizia Coisp. Il segretario provinciale Emiliano Bianchi afferma: \u201cA leggere l\u2019ennesima bozza vien da pensare purtroppo che chi l\u2019ha redatta non sia per nulla a conoscenza dell\u2019attivit\u00e0, della specificit\u00e0 e della mole di lavoro dei [&hellip;]<\/p>\n","protected":false},"author":13744,"featured_media":0,"comment_status":"open","ping_status":"closed","sticky":false,"template":"","format":"standard","meta":{"footnotes":""},"categories":[],"tags":[85824,85844,748,2429,85850],"class_list":["post-278078","post","type-post","status-publish","format-standard","hentry","tag-alassio","tag-finale-ligure","tag-polizia","tag-polizia-postale","tag-savona","post_cat_citta-alassio","post_cat_citta-finale-ligure","post_cat_citta-savona"],"amp_validity":null,"amp_enabled":true,"_links":{"self":[{"href":"https:\/\/staging.ivg.it\/ediapi\/wp\/v2\/posts\/278078","targetHints":{"allow":["GET"]}}],"collection":[{"href":"https:\/\/staging.ivg.it\/ediapi\/wp\/v2\/posts"}],"about":[{"href":"https:\/\/staging.ivg.it\/ediapi\/wp\/v2\/types\/post"}],"author":[{"embeddable":true,"href":"https:\/\/staging.ivg.it\/ediapi\/wp\/v2\/users\/13744"}],"replies":[{"embeddable":true,"href":"https:\/\/staging.ivg.it\/ediapi\/wp\/v2\/comments?post=278078"}],"version-history":[{"count":0,"href":"https:\/\/staging.ivg.it\/ediapi\/wp\/v2\/posts\/278078\/revisions"}],"wp:attachment":[{"href":"https:\/\/staging.ivg.it\/ediapi\/wp\/v2\/media?parent=278078"}],"wp:term":[{"taxonomy":"category","embeddable":true,"href":"https:\/\/staging.ivg.it\/ediapi\/wp\/v2\/categories?post=278078"},{"taxonomy":"post_tag","embeddable":true,"href":"https:\/\/staging.ivg.it\/ediapi\/wp\/v2\/tags?post=278078"}],"curies":[{"name":"wp","href":"https:\/\/api.w.org\/{rel}","templated":true}]}}