{"id":277900,"date":"2014-11-21T13:12:11","date_gmt":"2014-11-21T12:12:11","guid":{"rendered":"http:\/\/www.ivg.it\/?p=277900"},"modified":"2014-11-22T08:25:39","modified_gmt":"2014-11-22T07:25:39","slug":"speriamo-nel-vesuvio-al-mamita-di-loano-si-passa-il-limite-minacciato-di-morte-il-figlio-di-16-mesi-del-titolare","status":"publish","type":"post","link":"https:\/\/staging.ivg.it\/2014\/11\/speriamo-nel-vesuvio-al-mamita-di-loano-si-passa-il-limite-minacciato-di-morte-il-figlio-di-16-mesi-del-titolare\/","title":{"rendered":"&#8220;Speriamo nel Vesuvio&#8221; al Mamita di Loano, si passa il limite: minacciato di morte il figlio di 16 mesi del titolare"},"content":{"rendered":"<p><strong>Loano.<\/strong> <a href=\"http:\/\/www.ivg.it\/2014\/11\/loano-la-pizza-speriamo-nel-vesuvio-che-ha-fatto-infuriare-napoli\/\" target=\"_blank\">Ne hanno parlato tutti i giornali<\/a> campani, e molti di quelli nazionali. <a href=\"http:\/\/www.ivg.it\/2014\/11\/speriamo-nel-vesuvio-al-mamita-di-loano-la-furia-di-selvaggia-lucarelli-spero-un-geyser-sotto-la-pizzeria\/\" target=\"_blank\">Ne ha parlato Selvaggia Lucarelli<\/a> in un suo post. Il sindaco Luigi Pignocca \u00e8 stato costretto a <a href=\"http:\/\/www.ivg.it\/2014\/11\/speriamo-nel-vesuvio-e-un-caso-nazionale-il-sindaco-pignocca-prende-le-distanze-loano-non-e-razzista\/\" target=\"_blank\">diramare un comunicato stampa<\/a> per respingere le accuse di razzismo, mentre il titolare Yuri Pastore <a href=\"http:\/\/www.ivg.it\/2014\/11\/speriamo-nel-vesuvio-la-pizza-che-ha-fatto-infuriare-napoletani-il-titolare-yuri-pastore-non-cambiero-il-nome\/\">in una lunga intervista<\/a> ha spiegato le vere origini del nome tanto criticato.<\/p>\n<p>Fin qui, per\u00f2, tutto era rimasto nei limiti del confronto. Varie le sfumature, dalla boutade di &#8220;colore&#8221; all&#8217;indignazione pi\u00f9 sincera, ma sempre all&#8217;interno di ci\u00f2 che \u00e8 accettabile. Qualche dubbio al limite poteva suscitarlo il &#8220;linciaggio&#8221; subito su TripAdvisor, in cui la reputazione del locale \u00e8 stata devastata da decine di recensioni negative. Un locale che, in ogni caso, d\u00e0 lavoro a pizzaioli, cuochi e camerieri.<\/p>\n<p>Ora, per\u00f2, la polemica sulla pizza &#8220;Speriamo nel Vesuvio&#8221;, creata al Mamita di Loano e accusata da pi\u00f9 parti di avere un nome &#8220;razzista&#8221;, travalica ogni limite e si sposta in un territorio, francamente, inaccettabile. Secondo quanto raccontato dal titolare del Mamita qualcuno sarebbe arrivato a minacciare di morte il figlio, un bimbo di solo 16 mesi. Scatenando cos\u00ec la furia di Pastore, che se ieri ha tentato di spiegare l&#8217;equivoco con toni cauti oggi invece non si trattiene pi\u00f9.<\/p>\n<p>&#8220;Questo messaggio \u00e8 rivolto a chi ha minacciato di morte mio figlio di 16 mesi &#8211; scrive pubblicamente su Facebook &#8211; Avete fatto il salto. Ora basta&#8221;. Pastore \u00e8 un fiume in piena: &#8220;Ho i nomi di tutti. Non far\u00f2 distinzioni. Se succede qualcosa alla mia famiglia, a mio figlio, non far\u00f2 distinzioni tra chi ha insultato, tra chi ha scritto frasi che potrebbero essere male interpretate. Non far\u00f2 distinzioni &#8211; ribadisce &#8211; vi riterr\u00f2 tutti colpevoli. Chi mi ha minacciato, chi mi ha insultato, la stampa che ha montato un caso nazionale. Pregate tutti il Signore che non succeda nulla a mio figlio&#8221;.<\/p>\n<p>Un lungo sfogo dettato evidentemente dalla paura e dalla rabbia, ma anche, magari, dalla frustrazione di rendersi conto che a nulla sembrano valere i chiarimenti e le ammissioni di colpa. La sua pizza continua ad essere bersaglio di invettive pi\u00f9 o meno accettabili da tutta Italia, la notizia della sua esistenza continua a &#8220;correre&#8221; sul web, mentre le sue spiegazioni sembrano non avere ascolto.<\/p>\n<p>La speranza, ora, \u00e8 che ci si renda conto di aver passato il segno, riportando la discussione nell&#8217;ambito di un possibile &#8220;sfott\u00f2&#8221; geografico tra Nord e Sud. Ambito in cui, crediamo, avrebbe dovuto restare fin dall&#8217;inizio.<\/p>\n","protected":false},"excerpt":{"rendered":"<p>Loano. Ne hanno parlato tutti i giornali campani, e molti di quelli nazionali. Ne ha parlato Selvaggia Lucarelli in un suo post. Il sindaco Luigi Pignocca \u00e8 stato costretto a diramare un comunicato stampa per respingere le accuse di razzismo, mentre il titolare Yuri Pastore in una lunga intervista ha spiegato le vere origini del [&hellip;]<\/p>\n","protected":false},"author":10593,"featured_media":0,"comment_status":"open","ping_status":"closed","sticky":false,"template":"","format":"standard","meta":{"footnotes":""},"categories":[45296,57714],"tags":[85827,59747,14033,55373,59748,50212],"class_list":["post-277900","post","type-post","status-publish","format-standard","hentry","category-copertina","category-internet","tag-loano","tag-mamita","tag-pizza","tag-selvaggia-lucarelli","tag-speriamo-nel-vesuvio","tag-yuri-pastore","post_cat_citta-loano"],"amp_validity":null,"amp_enabled":true,"_links":{"self":[{"href":"https:\/\/staging.ivg.it\/ediapi\/wp\/v2\/posts\/277900","targetHints":{"allow":["GET"]}}],"collection":[{"href":"https:\/\/staging.ivg.it\/ediapi\/wp\/v2\/posts"}],"about":[{"href":"https:\/\/staging.ivg.it\/ediapi\/wp\/v2\/types\/post"}],"author":[{"embeddable":true,"href":"https:\/\/staging.ivg.it\/ediapi\/wp\/v2\/users\/10593"}],"replies":[{"embeddable":true,"href":"https:\/\/staging.ivg.it\/ediapi\/wp\/v2\/comments?post=277900"}],"version-history":[{"count":0,"href":"https:\/\/staging.ivg.it\/ediapi\/wp\/v2\/posts\/277900\/revisions"}],"wp:attachment":[{"href":"https:\/\/staging.ivg.it\/ediapi\/wp\/v2\/media?parent=277900"}],"wp:term":[{"taxonomy":"category","embeddable":true,"href":"https:\/\/staging.ivg.it\/ediapi\/wp\/v2\/categories?post=277900"},{"taxonomy":"post_tag","embeddable":true,"href":"https:\/\/staging.ivg.it\/ediapi\/wp\/v2\/tags?post=277900"}],"curies":[{"name":"wp","href":"https:\/\/api.w.org\/{rel}","templated":true}]}}