{"id":277863,"date":"2014-11-20T18:41:26","date_gmt":"2014-11-20T17:41:26","guid":{"rendered":"http:\/\/www.ivg.it\/?p=277863"},"modified":"2014-11-21T12:13:36","modified_gmt":"2014-11-21T11:13:36","slug":"speriamo-nel-vesuvio-e-un-caso-nazionale-il-sindaco-pignocca-prende-le-distanze-loano-non-e-razzista","status":"publish","type":"post","link":"https:\/\/staging.ivg.it\/2014\/11\/speriamo-nel-vesuvio-e-un-caso-nazionale-il-sindaco-pignocca-prende-le-distanze-loano-non-e-razzista\/","title":{"rendered":"&#8220;Speriamo nel Vesuvio&#8221; \u00e8 un caso nazionale, il sindaco Pignocca prende le distanze: &#8220;Loano non \u00e8 razzista&#8221;"},"content":{"rendered":"<p><strong>Loano.<\/strong> L\u2019ira e la rabbia dei napoletani, dei meridionali e delle associazioni riprese dai media nazionali per il caso della piazza \u201cSperiamo nel Vesuvio\u201d ha fatto intervenire nella polemica anche il sindaco Luigi Pignocca, che ha preso le distanze dalla scelta fatta dal titolare del locale Mamita di Loano, Yuri Pastore, lanciando un messaggio di vicinanza della comunit\u00e0 loanesi a tutti i meridianali.<\/p>\n<p>Il primo cittadino vuole evitare ogni possibile fraintendimento rispetto al sentimento e ai valori dell\u2019Amministrazione e delle citt\u00e0 che rappresenta: \u201cVoglio precisare \u2013 dice il sindaco Luigi Pignocca &#8211; che la comunit\u00e0 che rappresento \u00e8 composta da tantissimi loanesi che sono figli e nipoti di immigrati provenienti dal sud Italia\u201d.<\/p>\n<p>\u201cSono famiglie che hanno contribuito alla crescita di Loano e che oggi dimostrano la stessa disponibilit\u00e0 nei confronti dei nuovi immigrati provenienti da tutto il mondo\u201d.  <\/p>\n<p>\u201cInclusione e diversit\u00e0 sono valori che ogni giorno cerchiamo di trasmettere ai nostri figli. Mi scuso con tutti coloro che hanno letto nel nome della pizza una espressione di razzismo verso i napoletani e pi\u00f9 in generale verso il sud d\u2019Italia. Loano non \u00e8 una citt\u00e0 razzista. E&#8217; una citt\u00e0 che ama il Sud e che riconosce il grande patrimonio culturale e civile della citt\u00e0 di Napoli e dell&#8217;intera regione Campania&#8221; conclude Pignocca.<\/p>\n","protected":false},"excerpt":{"rendered":"<p>Loano. L\u2019ira e la rabbia dei napoletani, dei meridionali e delle associazioni riprese dai media nazionali per il caso della piazza \u201cSperiamo nel Vesuvio\u201d ha fatto intervenire nella polemica anche il sindaco Luigi Pignocca, che ha preso le distanze dalla scelta fatta dal titolare del locale Mamita di Loano, Yuri Pastore, lanciando un messaggio di [&hellip;]<\/p>\n","protected":false},"author":4,"featured_media":0,"comment_status":"open","ping_status":"closed","sticky":false,"template":"","format":"standard","meta":{"footnotes":""},"categories":[45296],"tags":[85827,16536,59747,14033,59748,50212],"class_list":["post-277863","post","type-post","status-publish","format-standard","hentry","category-copertina","tag-loano","tag-luigi-pignocca","tag-mamita","tag-pizza","tag-speriamo-nel-vesuvio","tag-yuri-pastore","post_cat_citta-andora","post_cat_citta-loano"],"amp_validity":null,"amp_enabled":true,"_links":{"self":[{"href":"https:\/\/staging.ivg.it\/ediapi\/wp\/v2\/posts\/277863","targetHints":{"allow":["GET"]}}],"collection":[{"href":"https:\/\/staging.ivg.it\/ediapi\/wp\/v2\/posts"}],"about":[{"href":"https:\/\/staging.ivg.it\/ediapi\/wp\/v2\/types\/post"}],"author":[{"embeddable":true,"href":"https:\/\/staging.ivg.it\/ediapi\/wp\/v2\/users\/4"}],"replies":[{"embeddable":true,"href":"https:\/\/staging.ivg.it\/ediapi\/wp\/v2\/comments?post=277863"}],"version-history":[{"count":0,"href":"https:\/\/staging.ivg.it\/ediapi\/wp\/v2\/posts\/277863\/revisions"}],"wp:attachment":[{"href":"https:\/\/staging.ivg.it\/ediapi\/wp\/v2\/media?parent=277863"}],"wp:term":[{"taxonomy":"category","embeddable":true,"href":"https:\/\/staging.ivg.it\/ediapi\/wp\/v2\/categories?post=277863"},{"taxonomy":"post_tag","embeddable":true,"href":"https:\/\/staging.ivg.it\/ediapi\/wp\/v2\/tags?post=277863"}],"curies":[{"name":"wp","href":"https:\/\/api.w.org\/{rel}","templated":true}]}}