{"id":277767,"date":"2014-11-19T15:36:46","date_gmt":"2014-11-19T14:36:46","guid":{"rendered":"http:\/\/www.ivg.it\/?p=277767"},"modified":"2014-11-20T10:12:44","modified_gmt":"2014-11-20T09:12:44","slug":"maltempo-il-sindaco-demichelis-andora-flagellata-quello-che-potevamo-fare-lo-abbiamo-fatto","status":"publish","type":"post","link":"https:\/\/staging.ivg.it\/2014\/11\/maltempo-il-sindaco-demichelis-andora-flagellata-quello-che-potevamo-fare-lo-abbiamo-fatto\/","title":{"rendered":"Maltempo, il sindaco Demichelis: &#8220;Andora flagellata, quello che potevamo fare lo abbiamo fatto&#8221;"},"content":{"rendered":"<p><strong>Andora.<\/strong> Un vero e proprio bollettino di guerra. E&#8217; la situazione ad Andora, comune di 7.500 abitanti nella parte pi\u00f9 occidentale della provincia di Savona, dopo le ondate di maltempo che si sono susseguite nelle ultime settimane. <\/p>\n<p>&#8220;Abbiamo ricevuto &#8211; spiega il sindaco Mauro Demichelis &#8211; il doppio dell&#8217;acqua rispetto alle zone  limitrofe, ma tutto sommato il territorio ha retto. Sono per\u00f2 esondati alcuni rii, che hanno provocato danni per circa 1,5 milioni euro. La squadra della protezione civile e del Comune si \u00e8 messa subito al lavoro e abbiamo cercato di risolvere la situazione: molto \u00e8 stato fatto, molto rimane ancora da fare. Abbiamo perci\u00f2 chiesto lo stato di calamit\u00e0 alla Regione, speriamo si sblocchi il patto di stabilit\u00e0 e ci forniscano i fondi necessari&#8221;. <\/p>\n<p>Situazione senza dubbio complessa, mentre i lavori di messa in sicurezza proseguono incessanti. &#8220;Sar\u00e0 durissima. Interventi di somma urgenza ne abbiamo fatti parecchi, soprattutto dove sono esondati i rii. Il problema grosso \u00e8 stato insomma inviare le ruspe a rimuovere tutto quello che i corsi d&#8217;acqua hanno portato: tanta terra e tanti detriti&#8221;. <\/p>\n<p>E poi ci sono le onnipresenti frane. &#8220;Abbiamo &#8211; continua il sindaco &#8211; via del Poggio chiusa, ma l\u00ec devono intervenire anche i privati. Ci hanno promesso che lo farannno e contiamo di risolvere in fretta. Questa mattina abbiamo sistemato definitivamente la questione della frana sulla via Aurelia che per tre giorni \u00e8 stata aperta a senso unico alternato e ora \u00e8 percorribile a doppio senso. Abbiamo in oltre due strade non di primaria importanza chiuse. La situazione che sta creando i maggiori disagi si verifica in localit\u00e0 Bar\u00f2 Moltedo dove le ruspe sono al lavoro. L\u00ec si pu\u00f2 passare solo a piedi e putroppo per sistemare la zona ci vuole una montagna di soldi&#8221;. <\/p>\n<p>Di fronte ad un clima che cambia, per\u00f2, una parte importante degli interventi non pu\u00f2 che riguardare la prevenzione. &#8220;L&#8217;abbiamo fatta &#8211; assicura ancora Demichelis &#8211; tagliando circa 200 alberi in zone in cui avrebbero potuto ostruire i ponti e infatti l&#8217;acqua \u00e8 scesa gi\u00f9 pulita. Abbiamo ancora problemi sull&#8217;oasi del Merula zona in cui abbiamo bisogno che Provincia e Regione ci aiutino a fare la giusta pulizia manteneddo intatto l&#8217;ecosistema&#8221;. <\/p>\n<p>Il maltempo non fa sconti, insomma. Devasta e alle volte uccide. &#8220;Se ho avuto paura? Quando ci sono le allerte &#8211; conclude Demichelis &#8211; tutti i sindaci hanno paura e non pu\u00f2 essere altrimenti. Ma siamo pronti, abbiamo una protezione civile bravissima e saremo preparati anche durante le prossime emergenze&#8221;. <\/p>\n","protected":false},"excerpt":{"rendered":"<p>Andora. Un vero e proprio bollettino di guerra. E&#8217; la situazione ad Andora, comune di 7.500 abitanti nella parte pi\u00f9 occidentale della provincia di Savona, dopo le ondate di maltempo che si sono susseguite nelle ultime settimane. &#8220;Abbiamo ricevuto &#8211; spiega il sindaco Mauro Demichelis &#8211; il doppio dell&#8217;acqua rispetto alle zone limitrofe, ma tutto [&hellip;]<\/p>\n","protected":false},"author":11917,"featured_media":0,"comment_status":"open","ping_status":"closed","sticky":false,"template":"","format":"standard","meta":{"footnotes":""},"categories":[45296],"tags":[85847,5390,651,47002],"class_list":["post-277767","post","type-post","status-publish","format-standard","hentry","category-copertina","tag-andora","tag-frane","tag-maltempo","tag-mauro-demichelis"],"amp_validity":null,"amp_enabled":true,"_links":{"self":[{"href":"https:\/\/staging.ivg.it\/ediapi\/wp\/v2\/posts\/277767","targetHints":{"allow":["GET"]}}],"collection":[{"href":"https:\/\/staging.ivg.it\/ediapi\/wp\/v2\/posts"}],"about":[{"href":"https:\/\/staging.ivg.it\/ediapi\/wp\/v2\/types\/post"}],"author":[{"embeddable":true,"href":"https:\/\/staging.ivg.it\/ediapi\/wp\/v2\/users\/11917"}],"replies":[{"embeddable":true,"href":"https:\/\/staging.ivg.it\/ediapi\/wp\/v2\/comments?post=277767"}],"version-history":[{"count":0,"href":"https:\/\/staging.ivg.it\/ediapi\/wp\/v2\/posts\/277767\/revisions"}],"wp:attachment":[{"href":"https:\/\/staging.ivg.it\/ediapi\/wp\/v2\/media?parent=277767"}],"wp:term":[{"taxonomy":"category","embeddable":true,"href":"https:\/\/staging.ivg.it\/ediapi\/wp\/v2\/categories?post=277767"},{"taxonomy":"post_tag","embeddable":true,"href":"https:\/\/staging.ivg.it\/ediapi\/wp\/v2\/tags?post=277767"}],"curies":[{"name":"wp","href":"https:\/\/api.w.org\/{rel}","templated":true}]}}