{"id":277749,"date":"2014-11-19T12:15:09","date_gmt":"2014-11-19T11:15:09","guid":{"rendered":"http:\/\/www.ivg.it\/?p=277749"},"modified":"2014-11-19T17:29:48","modified_gmt":"2014-11-19T16:29:48","slug":"albenga-caccia-allacquisto-nei-negozi-aderenti-al-black-friday","status":"publish","type":"post","link":"https:\/\/staging.ivg.it\/2014\/11\/albenga-caccia-allacquisto-nei-negozi-aderenti-al-black-friday\/","title":{"rendered":"Albenga: \u201ccaccia\u201d all\u2019acquisto nei negozi aderenti al \u201cBlack Friday\u201d"},"content":{"rendered":"<p><b>Albenga. <\/b>Venerd\u00ec 21 novembre, si scatener\u00e0 una vera e propria \u201ccaccia\u201d all\u2019acquisto in tutti i negozi del centro storico, aderenti all\u2019iniziativa del Civ di Albenga: c\u2019\u00e8 grande attesa per il \u201cBlack Friday\u201d. Dalle ore 16 alle 22 negozi aderenti al \u201cBlack Friday\u201d saranno segnalati con un adesivo in vetrina.<\/p>\n<p>\u201cL&#8217;idea di aprire al &#8216;Black Friday&#8217; \u2013 spiega Carmelo Falsaci presidente Civ \u2013 \u00e8 arrivata in un momento in cui \u00e8 necessario &#8216;incentivare&#8217; le attivit\u00e0 commerciali a nuove visioni imprenditoriali e dare all&#8217;utenza un valido motivo per recarsi a fare shopping\u201d.<\/p>\n<p>L\u2019idea, nenache a dirlo, arriva dall\u2019America, dove \u00e8 una tradizone ben consolidata. Albenga \u00e8 delle prime citt\u00e0 italiane a farlo proprio, come spiega Falsaci: \u201cIn Italia siamo probabilmente la seconda citt\u00e0, dopo Padova, a proporre questo momento unico che rappresenter\u00e0 una vera e propria possibilit\u00e0 per tutti di attingere a sconti molto rilevanti tra il 20 e l&#8217;80% su alcuni capi che saranno scelti dai commercianti. Una\u00a0 vera e propria occasione che aprir\u00e0 ufficialmente allo shopping in vista del Natale e che dar\u00e0 a molti la possibilit\u00e0 di risparmiare su capi e oggetti acquistati\u201d.<\/p>\n<p>All&#8217;idea \u201cBlack Friday\u201d parteciperanno anche caff\u00e8 e ristoranti che prepareranno men\u00f9 ed aperitivi ad hoc per l&#8217;evento.<\/p>\n","protected":false},"excerpt":{"rendered":"<p>Albenga. Venerd\u00ec 21 novembre, si scatener\u00e0 una vera e propria \u201ccaccia\u201d all\u2019acquisto in tutti i negozi del centro storico, aderenti all\u2019iniziativa del Civ di Albenga: c\u2019\u00e8 grande attesa per il \u201cBlack Friday\u201d. Dalle ore 16 alle 22 negozi aderenti al \u201cBlack Friday\u201d saranno segnalati con un adesivo in vetrina. \u201cL&#8217;idea di aprire al &#8216;Black Friday&#8217; [&hellip;]<\/p>\n","protected":false},"author":13744,"featured_media":0,"comment_status":"open","ping_status":"closed","sticky":false,"template":"","format":"standard","meta":{"footnotes":""},"categories":[],"tags":[85841,5309],"class_list":["post-277749","post","type-post","status-publish","format-standard","hentry","tag-albenga","tag-shopping","post_cat_citta-albenga"],"amp_validity":null,"amp_enabled":true,"_links":{"self":[{"href":"https:\/\/staging.ivg.it\/ediapi\/wp\/v2\/posts\/277749","targetHints":{"allow":["GET"]}}],"collection":[{"href":"https:\/\/staging.ivg.it\/ediapi\/wp\/v2\/posts"}],"about":[{"href":"https:\/\/staging.ivg.it\/ediapi\/wp\/v2\/types\/post"}],"author":[{"embeddable":true,"href":"https:\/\/staging.ivg.it\/ediapi\/wp\/v2\/users\/13744"}],"replies":[{"embeddable":true,"href":"https:\/\/staging.ivg.it\/ediapi\/wp\/v2\/comments?post=277749"}],"version-history":[{"count":0,"href":"https:\/\/staging.ivg.it\/ediapi\/wp\/v2\/posts\/277749\/revisions"}],"wp:attachment":[{"href":"https:\/\/staging.ivg.it\/ediapi\/wp\/v2\/media?parent=277749"}],"wp:term":[{"taxonomy":"category","embeddable":true,"href":"https:\/\/staging.ivg.it\/ediapi\/wp\/v2\/categories?post=277749"},{"taxonomy":"post_tag","embeddable":true,"href":"https:\/\/staging.ivg.it\/ediapi\/wp\/v2\/tags?post=277749"}],"curies":[{"name":"wp","href":"https:\/\/api.w.org\/{rel}","templated":true}]}}