{"id":277703,"date":"2014-11-18T16:11:33","date_gmt":"2014-11-18T15:11:33","guid":{"rendered":"http:\/\/www.ivg.it\/?p=277703"},"modified":"2014-11-18T16:11:33","modified_gmt":"2014-11-18T15:11:33","slug":"alluvione-savona-sel-serve-un-new-deal-del-territorio","status":"publish","type":"post","link":"https:\/\/staging.ivg.it\/2014\/11\/alluvione-savona-sel-serve-un-new-deal-del-territorio\/","title":{"rendered":"Alluvione a Savona, Sel: &#8220;Serve un New Deal del territorio&#8221;"},"content":{"rendered":"<p><strong>Savona<\/strong>. I danni ci sono stati e i disagi anche; tutta Savona ha passato ore di trepidazione e paura. &#8220;Dopo una notte ed un giorno di tensione, \u00e8 possibile riflettere su come \u00e8 stata gestita l&#8217;emergenza &#8211; si legge in una nota del circolo Sel &#8211; A levante, a ponente, a nord della nostra citt\u00e0 la terribile ondata di maltempo ha provocato ben altri danni e, purtroppo, ha avuto anche conseguenze tragiche&#8221;.<\/p>\n<p>Il circolo savonese di Sinistra Ecologia Libert\u00e0 esprime a tale proposito tutta la propria solidariet\u00e0 alle popolazioni cos\u00ec duramente colpite e riafferma con forza la necessit\u00e0 di un new deal del territorio. &#8220;Il decreto &#8216;sblocca Italia&#8217; non \u00e8 n\u00e9 pu\u00f2 essere la risposta: non di nuove infrastrutture ha bisogno il nostro Paese n\u00e9 di trivellazioni in mare, ma di destinare tutte le risorse disponibili alla bonifica e alla messa in sicurezza di un territorio martoriato da cementificazioni eccessive e spesso abusive e da una politica del condono che ha allontanato dalla cultura corrente la consapevolezza del valore della legalit\u00e0 e della tutela dell&#8217;ambiente.\u00a0Nella nostra citt\u00e0, nonostante anche in un recente passato (ed in parte anche nel presente) si sia spesso ricorso all&#8217;edilizia, anche speculativa, per sostenere l&#8217;economia da una parte, e la propensione affaristica dall&#8217;altra, i danni ed i disagi sono stati, nel complesso, limitati, nonostante le precipitazioni intense degli ultimi giorni &#8211; si legge ancora nella nota &#8211; Questo \u00e8 stato possibile non grazie ad una serie di fortunate coincidenze, ma perch\u00e9 la citt\u00e0 non si \u00e8 fatta cogliere impreparata&#8221;.<\/p>\n<p>Sinistra Ecologia Libert\u00e0 vuole a questo proposito sottolineare il grande impegno delle forze dell&#8217;ordine, della polizia municipale, della protezione civile, dei vigili del fuoco, di ATA, dei volontari che con abnegazione si sono prodigati per prevenire ed intervenire sulle zone di maggior criticit\u00e0.<\/p>\n<p>&#8220;L&#8217;amministrazione \u00e8 stata all&#8217;altezza della gravit\u00e0 della situazione, ma questo non deve far dimenticare l&#8217;urgenza di supportare le necessit\u00e0 di chi ha subito danni ed impegnarsi in tutte le sedi per contribuire alla gi\u00e0 richiamata esigenza di una diversa gestione del territorio&#8221;, conclude Sel.<\/p>\n","protected":false},"excerpt":{"rendered":"<p>Savona. I danni ci sono stati e i disagi anche; tutta Savona ha passato ore di trepidazione e paura. &#8220;Dopo una notte ed un giorno di tensione, \u00e8 possibile riflettere su come \u00e8 stata gestita l&#8217;emergenza &#8211; si legge in una nota del circolo Sel &#8211; A levante, a ponente, a nord della nostra citt\u00e0 [&hellip;]<\/p>\n","protected":false},"author":11918,"featured_media":0,"comment_status":"open","ping_status":"closed","sticky":false,"template":"","format":"standard","meta":{"footnotes":""},"categories":[31],"tags":[5386,85850,20379],"class_list":["post-277703","post","type-post","status-publish","format-standard","hentry","category-politica","tag-alluvione","tag-savona","tag-sel","post_cat_citta-savona"],"amp_validity":null,"amp_enabled":true,"_links":{"self":[{"href":"https:\/\/staging.ivg.it\/ediapi\/wp\/v2\/posts\/277703","targetHints":{"allow":["GET"]}}],"collection":[{"href":"https:\/\/staging.ivg.it\/ediapi\/wp\/v2\/posts"}],"about":[{"href":"https:\/\/staging.ivg.it\/ediapi\/wp\/v2\/types\/post"}],"author":[{"embeddable":true,"href":"https:\/\/staging.ivg.it\/ediapi\/wp\/v2\/users\/11918"}],"replies":[{"embeddable":true,"href":"https:\/\/staging.ivg.it\/ediapi\/wp\/v2\/comments?post=277703"}],"version-history":[{"count":0,"href":"https:\/\/staging.ivg.it\/ediapi\/wp\/v2\/posts\/277703\/revisions"}],"wp:attachment":[{"href":"https:\/\/staging.ivg.it\/ediapi\/wp\/v2\/media?parent=277703"}],"wp:term":[{"taxonomy":"category","embeddable":true,"href":"https:\/\/staging.ivg.it\/ediapi\/wp\/v2\/categories?post=277703"},{"taxonomy":"post_tag","embeddable":true,"href":"https:\/\/staging.ivg.it\/ediapi\/wp\/v2\/tags?post=277703"}],"curies":[{"name":"wp","href":"https:\/\/api.w.org\/{rel}","templated":true}]}}