{"id":277683,"date":"2014-11-18T16:14:41","date_gmt":"2014-11-18T15:14:41","guid":{"rendered":"http:\/\/www.ivg.it\/?p=277683"},"modified":"2014-11-18T16:14:41","modified_gmt":"2014-11-18T15:14:41","slug":"savona-contro-la-violenza-sulle-donne-una-settimana-ricca-di-eventi","status":"publish","type":"post","link":"https:\/\/staging.ivg.it\/2014\/11\/savona-contro-la-violenza-sulle-donne-una-settimana-ricca-di-eventi\/","title":{"rendered":"Savona: contro la violenza sulle donne una settimana ricca di eventi"},"content":{"rendered":"<p><b>Savona. <\/b>&#8220;Io mi salver\u00f2&#8230;Nessuno pu\u00f2 farti sentire inferiore senza il tuo consenso&#8221; \u00e8 il titolo delle iniziative che partiranno in varie sedi di Savona, Valleggia e Spotorno per la celebrare la giornata mondiale contro la violenza sulle donne, che sar\u00e0 il 25 novembre.<\/p>\n<p>Il Distretto Sociale n. 7 Savonese, per il secondo anno consecutivo, organizza dal 20 al 25 novembre una settimana dedicata a queto tema, ricca di appuntamenti di vario genere: incontri, momenti formativi per le scuole, convegni, proiezione di filmati, presentazione libri e spettacoli teatrali, concorsi.<\/p>\n<p>&#8220;Il titolo dell&#8217;iniziativa &#8211; spiega Isabella Sorgini, presidente del Distretto &#8211; riprende una frase pronunciata da Eleanor Roosevelt, che abbiamo scelto come titolo emblematico perch\u00e9 trasmette un messaggio importante: nessuna azione attivata per contrastare il fenomeno della violenza contro le donne pu\u00f2 essere efficace se non \u00e8 la donna a prendere l&#8217;iniziativa. Fattori che possono facilitare questo processo sono sicuramente l&#8217;autonomia economica ed il bagaglio culturale della persona\u201d.<\/p>\n<p>\u201cTra le tante iniziative proposte, vorrei ricordare alcuni appuntamenti: il momento dedicato alle scuole in programma gioved\u00ec 20 novembre alle Officine Solimano, con la proiezione del corto metraggio &#8220;Nella tasca del cappotto&#8221;, alla presenza del regista Marco Di Gerlando, un filmato che ha ricevuto di recente un importante premio internazionale ed aiuter\u00e0 a discutere con i ragazzi su questo tema\u201d, spiega Sorgini e prosegue \u201cluned\u00ec 24 novembre importante momento di aggiornamento e riflessione con il Centro Antiviolenza Telefono Donna e l&#8217;Universit\u00e0 Bicocca &#8211; che ha anche concesso patrocinio all&#8217;iniziativa &#8211; &#8220;Nulla succede per caso..costruire interventi integrati contro la violenza domestica&#8221;. Infine, nell&#8217;occasione della Giornata mondiale contro la violenza sulle donne, marted\u00ec 25 novembre alla Sala Rossa del Comune, le istituzioni fanno il punto su &#8220;Le nuove linee guida dei Centri Antiviolenza: la risposta delle istituzioni&#8221;.<\/p>\n","protected":false},"excerpt":{"rendered":"<p>Savona. &#8220;Io mi salver\u00f2&#8230;Nessuno pu\u00f2 farti sentire inferiore senza il tuo consenso&#8221; \u00e8 il titolo delle iniziative che partiranno in varie sedi di Savona, Valleggia e Spotorno per la celebrare la giornata mondiale contro la violenza sulle donne, che sar\u00e0 il 25 novembre. Il Distretto Sociale n. 7 Savonese, per il secondo anno consecutivo, organizza [&hellip;]<\/p>\n","protected":false},"author":13744,"featured_media":0,"comment_status":"open","ping_status":"closed","sticky":false,"template":"","format":"standard","meta":{"footnotes":""},"categories":[],"tags":[18555,85850,85863,85957,51816],"class_list":["post-277683","post","type-post","status-publish","format-standard","hentry","tag-officine-solimano","tag-savona","tag-spotorno","tag-valleggia","tag-violenza-contro-le-donne","post_cat_citta-savona","post_cat_citta-spotorno","post_cat_citta-valleggia"],"amp_validity":null,"amp_enabled":true,"_links":{"self":[{"href":"https:\/\/staging.ivg.it\/ediapi\/wp\/v2\/posts\/277683","targetHints":{"allow":["GET"]}}],"collection":[{"href":"https:\/\/staging.ivg.it\/ediapi\/wp\/v2\/posts"}],"about":[{"href":"https:\/\/staging.ivg.it\/ediapi\/wp\/v2\/types\/post"}],"author":[{"embeddable":true,"href":"https:\/\/staging.ivg.it\/ediapi\/wp\/v2\/users\/13744"}],"replies":[{"embeddable":true,"href":"https:\/\/staging.ivg.it\/ediapi\/wp\/v2\/comments?post=277683"}],"version-history":[{"count":0,"href":"https:\/\/staging.ivg.it\/ediapi\/wp\/v2\/posts\/277683\/revisions"}],"wp:attachment":[{"href":"https:\/\/staging.ivg.it\/ediapi\/wp\/v2\/media?parent=277683"}],"wp:term":[{"taxonomy":"category","embeddable":true,"href":"https:\/\/staging.ivg.it\/ediapi\/wp\/v2\/categories?post=277683"},{"taxonomy":"post_tag","embeddable":true,"href":"https:\/\/staging.ivg.it\/ediapi\/wp\/v2\/tags?post=277683"}],"curies":[{"name":"wp","href":"https:\/\/api.w.org\/{rel}","templated":true}]}}