{"id":277674,"date":"2014-11-18T12:36:02","date_gmt":"2014-11-18T11:36:02","guid":{"rendered":"http:\/\/www.ivg.it\/?p=277674"},"modified":"2014-11-19T08:25:07","modified_gmt":"2014-11-19T07:25:07","slug":"tirreno-power-come-previsto-salta-la-conferenza-dei-servizi-nuovo-incontro-tra-7-giorni","status":"publish","type":"post","link":"https:\/\/staging.ivg.it\/2014\/11\/tirreno-power-come-previsto-salta-la-conferenza-dei-servizi-nuovo-incontro-tra-7-giorni\/","title":{"rendered":"Tirreno Power, come previsto salta la Conferenza dei Servizi: nuovo incontro tra 7 giorni"},"content":{"rendered":"<p><strong>Vado Ligure.<\/strong> E&#8217; stata rinviata a marted\u00ec prossimo, come previsto, l&#8217;attesa conferenza dei servizi per la centrale Tirreno Power di Vado Ligure. All&#8217;incontro, che era stato fissato per questa mattina al Ministero dell&#8217;Ambiente, non erano presenti gli enti locali, quindi la riunione \u00e8 stata aggiornata alle 10.30 di marted\u00ec 25 novembre. <\/p>\n<p>Due le motivazioni addotte dagli enti locali per spiegare la propria assenza: l&#8217;emergenza maltempo, che costringe i vertici di Regione e Provincia e i sindaci di Vado e Quiliano a rimanere sul territorio per fronteggiare le numerose criticit\u00e0, e la necessit\u00e0 di attendere che l&#8217;Asl 2 savonese si pronunci sull&#8217;esistenza o meno di un rischio sanitario nel comprensorio vadese. Una richiesta che si collega a quella analoga fatta dai sindacati al Ministero della Salute e a quello dell&#8217;Ambiente.<\/p>\n<p>L&#8217;incontro, oltre che dagli enti locali, \u00e8 stato disertato anche dal Ministero dello Sviluppo Economico, proprio in virt\u00f9 del fatto che l&#8217;assenza di Regione, Provincia e Comuni era gi\u00e0 ampiamente prevista. I pochi presenti, azienda e Wwf, non hanno potuto far altro che prendere atto delle assenze e far slittare il tutto di una settimana. Quando, a segnalare l&#8217;importanza del tema per la Liguria, potrebbe essere presente lo stesso presidente della Regione, Claudio Burlando.<\/p>\n","protected":false},"excerpt":{"rendered":"<p>Vado Ligure. E&#8217; stata rinviata a marted\u00ec prossimo, come previsto, l&#8217;attesa conferenza dei servizi per la centrale Tirreno Power di Vado Ligure. All&#8217;incontro, che era stato fissato per questa mattina al Ministero dell&#8217;Ambiente, non erano presenti gli enti locali, quindi la riunione \u00e8 stata aggiornata alle 10.30 di marted\u00ec 25 novembre. Due le motivazioni addotte [&hellip;]<\/p>\n","protected":false},"author":10593,"featured_media":0,"comment_status":"open","ping_status":"closed","sticky":false,"template":"","format":"standard","meta":{"footnotes":""},"categories":[45296,34],"tags":[2237,49105,6675,3931,85979],"class_list":["post-277674","post","type-post","status-publish","format-standard","hentry","category-copertina","category-cronaca","tag-aia","tag-centrale-vado","tag-conferenza-dei-servizi","tag-tirreno-power","tag-vado-ligure","post_cat_citta-vado-ligure"],"amp_validity":null,"amp_enabled":true,"_links":{"self":[{"href":"https:\/\/staging.ivg.it\/ediapi\/wp\/v2\/posts\/277674","targetHints":{"allow":["GET"]}}],"collection":[{"href":"https:\/\/staging.ivg.it\/ediapi\/wp\/v2\/posts"}],"about":[{"href":"https:\/\/staging.ivg.it\/ediapi\/wp\/v2\/types\/post"}],"author":[{"embeddable":true,"href":"https:\/\/staging.ivg.it\/ediapi\/wp\/v2\/users\/10593"}],"replies":[{"embeddable":true,"href":"https:\/\/staging.ivg.it\/ediapi\/wp\/v2\/comments?post=277674"}],"version-history":[{"count":0,"href":"https:\/\/staging.ivg.it\/ediapi\/wp\/v2\/posts\/277674\/revisions"}],"wp:attachment":[{"href":"https:\/\/staging.ivg.it\/ediapi\/wp\/v2\/media?parent=277674"}],"wp:term":[{"taxonomy":"category","embeddable":true,"href":"https:\/\/staging.ivg.it\/ediapi\/wp\/v2\/categories?post=277674"},{"taxonomy":"post_tag","embeddable":true,"href":"https:\/\/staging.ivg.it\/ediapi\/wp\/v2\/tags?post=277674"}],"curies":[{"name":"wp","href":"https:\/\/api.w.org\/{rel}","templated":true}]}}