{"id":277652,"date":"2014-11-18T09:58:42","date_gmt":"2014-11-18T08:58:42","guid":{"rendered":"http:\/\/www.ivg.it\/?p=277652"},"modified":"2014-11-18T14:22:27","modified_gmt":"2014-11-18T13:22:27","slug":"ancora-code-sulla-a10-incidente-tra-voltri-e-pegli-6-km-di-coda","status":"publish","type":"post","link":"https:\/\/staging.ivg.it\/2014\/11\/ancora-code-sulla-a10-incidente-tra-voltri-e-pegli-6-km-di-coda\/","title":{"rendered":"Ancora code sulla A10, incidente tra Voltri e Pegli: ancora code e disagi"},"content":{"rendered":"<p><strong>Genova<\/strong>. <em>Agg. h 10.26<\/em> E&#8217; stata riaperta pochi minuti fa l&#8217;autostrada A10. Il traffico scorre sulla sola corsia di sorpasso, a partire da Arenzano e al momento si segnalano circa 2 km di coda. Ripercussioni sulla A26 dei Trafori con code all&#8217;altezza del bivio per la A10 verso Genova.<\/p>\n<p>Non c\u2019\u00e8 pace per l&#8217;autosatrada A10. Dopo che ieri si \u00e8 registrata la chiusura del tratto tra Genova Voltri e Genova Pegli a causa di una frana esterna alla sede stradale, ecco che questa mattina la viabilit\u00e0 \u00e8 nuovamente in tilt. Al momento si segnalano infatti 6 chilometri di coda tra il bivio A10\/A26 Trafori e Genova Pegli in direzione Genova.<\/p>\n<p>Questa volta per\u00f2 non \u00e8 colpa del maltempo: la causa \u00e8 un incidente avvenuto pochi minuti fa. Sul posto sono intervenuti i mezzi del 118 di Genova, fortunatamente, dalle prime informazioni, non si registrano feriti gravi.<\/p>\n","protected":false},"excerpt":{"rendered":"<p>Genova. Agg. h 10.26 E&#8217; stata riaperta pochi minuti fa l&#8217;autostrada A10. Il traffico scorre sulla sola corsia di sorpasso, a partire da Arenzano e al momento si segnalano circa 2 km di coda. Ripercussioni sulla A26 dei Trafori con code all&#8217;altezza del bivio per la A10 verso Genova. Non c\u2019\u00e8 pace per l&#8217;autosatrada A10. [&hellip;]<\/p>\n","protected":false},"author":2394,"featured_media":0,"comment_status":"open","ping_status":"closed","sticky":false,"template":"","format":"standard","meta":{"footnotes":""},"categories":[],"tags":[789,590,309,25895,22358],"class_list":["post-277652","post","type-post","status-publish","format-standard","hentry","tag-a10","tag-autostrada","tag-incidente","tag-pegli","tag-voltri","post_cat_citta-andora"],"amp_validity":null,"amp_enabled":true,"_links":{"self":[{"href":"https:\/\/staging.ivg.it\/ediapi\/wp\/v2\/posts\/277652","targetHints":{"allow":["GET"]}}],"collection":[{"href":"https:\/\/staging.ivg.it\/ediapi\/wp\/v2\/posts"}],"about":[{"href":"https:\/\/staging.ivg.it\/ediapi\/wp\/v2\/types\/post"}],"author":[{"embeddable":true,"href":"https:\/\/staging.ivg.it\/ediapi\/wp\/v2\/users\/2394"}],"replies":[{"embeddable":true,"href":"https:\/\/staging.ivg.it\/ediapi\/wp\/v2\/comments?post=277652"}],"version-history":[{"count":0,"href":"https:\/\/staging.ivg.it\/ediapi\/wp\/v2\/posts\/277652\/revisions"}],"wp:attachment":[{"href":"https:\/\/staging.ivg.it\/ediapi\/wp\/v2\/media?parent=277652"}],"wp:term":[{"taxonomy":"category","embeddable":true,"href":"https:\/\/staging.ivg.it\/ediapi\/wp\/v2\/categories?post=277652"},{"taxonomy":"post_tag","embeddable":true,"href":"https:\/\/staging.ivg.it\/ediapi\/wp\/v2\/tags?post=277652"}],"curies":[{"name":"wp","href":"https:\/\/api.w.org\/{rel}","templated":true}]}}