{"id":277266,"date":"2014-11-12T08:32:01","date_gmt":"2014-11-12T07:32:01","guid":{"rendered":"http:\/\/www.ivg.it\/?p=277266"},"modified":"2014-11-12T15:20:39","modified_gmt":"2014-11-12T14:20:39","slug":"tirreno-power-il-giorno-della-verita-oggi-lincontro-al-ministero-dellambiente","status":"publish","type":"post","link":"https:\/\/staging.ivg.it\/2014\/11\/tirreno-power-il-giorno-della-verita-oggi-lincontro-al-ministero-dellambiente\/","title":{"rendered":"Giorno importante per Tirreno Power, oggi l&#8217;incontro al Ministero dello Sviluppo Economico"},"content":{"rendered":"<p><strong>Vado Ligure.<\/strong> <em>Agg. ore 11.20:<\/em> L&#8217;incontro \u00e8 regolarmente iniziato presso il Ministero. In contemporanea all&#8217;esterno della centrale a Vado Ligure \u00e8 in corso un presidio dei lavoratori.<br \/>\n&#8212;-<\/p>\n<p>Si terr\u00e0 questa mattina alle 10.30 l&#8217;atteso incontro al Ministero dello Sviluppo Economico sulla questione Tirreno Power, al quale \u00e8 stata richiesta la presenza anche del Ministero dell&#8217;Ambiente &#8220;per trovare una soluzione definitiva e concertata con tutte le parti&#8221;.<\/p>\n<p>&#8220;Andiamo a Roma sicuri di difendere i diritti di tutti, quelli dei lavoratori di Tirreno Power che giustamente difendono il loro posto e della gente che abita a Vado e Quiliano che difende il diritto alla salute &#8211; \u00e8 il commento del presidente della Regione Claudio Burlando &#8211; Una cosa \u00e8 certa: in Italia abbiamo bisogno di energia e ci sono societ\u00e0 e imprenditori che hanno investito tantissimi soldi. Quindi se centrali come Civitavecchia, Porto Tolle e la Spezia lavorano con assoluta tranquillit\u00e0 credo che allo stesso modo dovrebbe essere anche per la centrale di Vado&#8221;.<\/p>\n<p>E cos\u00ec, a sei giorni dalle consultazioni per il rilascio della nuova Aia per la centrale, ancora una volta una delegazione di lavoratori, partita ieri sera in autobus, dar\u00e0 vita ad un presidio a Roma, sperando finalmente che si sblocchi la difficile situazione della centrale vadese. <\/p>\n<p>Dopo l&#8217;interessamento del premier Renzi i lavoratori ora ripongono la loro fiducia nel Ministero dell&#8217;Ambiente, con il quale c&#8217;\u00e8 stato un incontro venerd\u00ec. &#8220;Il ministro Galletti &#8211; spiegano Filctem Cgil, Flaei Cisl e Uiltec &#8211; era assente per impegni istituzionali, ma siamo stati ricevuti da uno staff della sua segreteria&#8221;.<\/p>\n<p>A quanto riferito dai sindacati inoltre il ministero si \u00e8 trovato concorde sulla priorit\u00e0 della difesa del lavoro &#8220;in un momento di forte crisi economica ed occupazionale&#8221; e si \u00e8 impegnato a &#8220;trovare soluzioni positive alla vertenza in atto&#8221;. Da luned\u00ec, inoltre, i tecnici del dicastero stanno vagliando le proposte dei sindacati. <\/p>\n<p>Parole che comunque non tranquillizzano. &#8220;Al di l\u00e0 delle positive rassicurazioni &#8211; spiegano i sindacati &#8211; il Parere Istruttorio Conclusivo redatto dal Ministero dell&#8217;Ambiente sembra operare nel verso contrario. Le prescrizioni sui limiti di emissione contenute nel documento contengono infatti modalit\u00e0 e tempi di attuazione non percorribili\u201d.<\/p>\n","protected":false},"excerpt":{"rendered":"<p>Vado Ligure. Agg. ore 11.20: L&#8217;incontro \u00e8 regolarmente iniziato presso il Ministero. In contemporanea all&#8217;esterno della centrale a Vado Ligure \u00e8 in corso un presidio dei lavoratori. &#8212;- Si terr\u00e0 questa mattina alle 10.30 l&#8217;atteso incontro al Ministero dello Sviluppo Economico sulla questione Tirreno Power, al quale \u00e8 stata richiesta la presenza anche del Ministero [&hellip;]<\/p>\n","protected":false},"author":10593,"featured_media":0,"comment_status":"open","ping_status":"closed","sticky":false,"template":"","format":"standard","meta":{"footnotes":""},"categories":[45296,35],"tags":[15572,410,3931,85979],"class_list":["post-277266","post","type-post","status-publish","format-standard","hentry","category-copertina","category-economia","tag-ministero-dellambiente","tag-sindacati","tag-tirreno-power","tag-vado-ligure","post_cat_citta-vado-ligure"],"amp_validity":null,"amp_enabled":true,"_links":{"self":[{"href":"https:\/\/staging.ivg.it\/ediapi\/wp\/v2\/posts\/277266","targetHints":{"allow":["GET"]}}],"collection":[{"href":"https:\/\/staging.ivg.it\/ediapi\/wp\/v2\/posts"}],"about":[{"href":"https:\/\/staging.ivg.it\/ediapi\/wp\/v2\/types\/post"}],"author":[{"embeddable":true,"href":"https:\/\/staging.ivg.it\/ediapi\/wp\/v2\/users\/10593"}],"replies":[{"embeddable":true,"href":"https:\/\/staging.ivg.it\/ediapi\/wp\/v2\/comments?post=277266"}],"version-history":[{"count":0,"href":"https:\/\/staging.ivg.it\/ediapi\/wp\/v2\/posts\/277266\/revisions"}],"wp:attachment":[{"href":"https:\/\/staging.ivg.it\/ediapi\/wp\/v2\/media?parent=277266"}],"wp:term":[{"taxonomy":"category","embeddable":true,"href":"https:\/\/staging.ivg.it\/ediapi\/wp\/v2\/categories?post=277266"},{"taxonomy":"post_tag","embeddable":true,"href":"https:\/\/staging.ivg.it\/ediapi\/wp\/v2\/tags?post=277266"}],"curies":[{"name":"wp","href":"https:\/\/api.w.org\/{rel}","templated":true}]}}