{"id":277126,"date":"2014-11-10T14:32:26","date_gmt":"2014-11-10T13:32:26","guid":{"rendered":"http:\/\/www.ivg.it\/?p=277126"},"modified":"2014-11-10T14:32:26","modified_gmt":"2014-11-10T13:32:26","slug":"finale-ligure-ricorda-il-concittadino-daniele-ghione-mai-tornato-dalla-missione-di-pace-nassiriya","status":"publish","type":"post","link":"https:\/\/staging.ivg.it\/2014\/11\/finale-ligure-ricorda-il-concittadino-daniele-ghione-mai-tornato-dalla-missione-di-pace-nassiriya\/","title":{"rendered":"Finale Ligure ricorda il concittadino Daniele Ghione, mai tornato dalla missione di pace a Nassiriya"},"content":{"rendered":"<p><b>Finale Ligure. <\/b>Mercoled\u00ec 12 novembre Finale Ligure ricorder\u00e0 il concittadino Daniele Ghione, Maresciallo Capo dei Carabinieri, caduto in missione di pace a Nassiriya.<\/p>\n<p>Sar\u00e0 organizzata dal Comune e dalla sezione finalese &#8220;M.C. CC. Daniele Ghione&#8221; dell&#8217;Associazione Nazionale Carabinieri una serie di iniziative.<\/p>\n<p>In programma alle ore 10 la deposizione di una corona al monumento presso i giardini intitolati al Maresciallo scomparso in Iraq e alle 11 una messa nella Basilica di San Giovanni Battista.<\/p>\n<p>&nbsp;<\/p>\n","protected":false},"excerpt":{"rendered":"<p>Finale Ligure. Mercoled\u00ec 12 novembre Finale Ligure ricorder\u00e0 il concittadino Daniele Ghione, Maresciallo Capo dei Carabinieri, caduto in missione di pace a Nassiriya. Sar\u00e0 organizzata dal Comune e dalla sezione finalese &#8220;M.C. CC. Daniele Ghione&#8221; dell&#8217;Associazione Nazionale Carabinieri una serie di iniziative. In programma alle ore 10 la deposizione di una corona al monumento presso [&hellip;]<\/p>\n","protected":false},"author":13744,"featured_media":0,"comment_status":"open","ping_status":"closed","sticky":false,"template":"","format":"standard","meta":{"footnotes":""},"categories":[56,34],"tags":[3715,85844],"class_list":["post-277126","post","type-post","status-publish","format-standard","hentry","category-altre","category-cronaca","tag-daniele-ghione","tag-finale-ligure","post_cat_citta-finale-ligure"],"amp_validity":null,"amp_enabled":true,"_links":{"self":[{"href":"https:\/\/staging.ivg.it\/ediapi\/wp\/v2\/posts\/277126","targetHints":{"allow":["GET"]}}],"collection":[{"href":"https:\/\/staging.ivg.it\/ediapi\/wp\/v2\/posts"}],"about":[{"href":"https:\/\/staging.ivg.it\/ediapi\/wp\/v2\/types\/post"}],"author":[{"embeddable":true,"href":"https:\/\/staging.ivg.it\/ediapi\/wp\/v2\/users\/13744"}],"replies":[{"embeddable":true,"href":"https:\/\/staging.ivg.it\/ediapi\/wp\/v2\/comments?post=277126"}],"version-history":[{"count":0,"href":"https:\/\/staging.ivg.it\/ediapi\/wp\/v2\/posts\/277126\/revisions"}],"wp:attachment":[{"href":"https:\/\/staging.ivg.it\/ediapi\/wp\/v2\/media?parent=277126"}],"wp:term":[{"taxonomy":"category","embeddable":true,"href":"https:\/\/staging.ivg.it\/ediapi\/wp\/v2\/categories?post=277126"},{"taxonomy":"post_tag","embeddable":true,"href":"https:\/\/staging.ivg.it\/ediapi\/wp\/v2\/tags?post=277126"}],"curies":[{"name":"wp","href":"https:\/\/api.w.org\/{rel}","templated":true}]}}