{"id":276836,"date":"2014-11-05T18:31:17","date_gmt":"2014-11-05T17:31:17","guid":{"rendered":"http:\/\/www.ivg.it\/?p=276836"},"modified":"2014-11-05T18:31:17","modified_gmt":"2014-11-05T17:31:17","slug":"al-lavoro-per-il-lavoro-il-segretario-generale-della-cisl-annamaria-furlan-domani-loano","status":"publish","type":"post","link":"https:\/\/staging.ivg.it\/2014\/11\/al-lavoro-per-il-lavoro-il-segretario-generale-della-cisl-annamaria-furlan-domani-loano\/","title":{"rendered":"&#8220;Al Lavoro per il Lavoro&#8221;. Il segretario generale della Cisl Annamaria Furlan domani a Loano"},"content":{"rendered":"<p><strong>Loano.<\/strong> Avr\u00e0 come tema &#8220;Al lavoro per il lavoro, i sentieri della Cisl&#8221; il consiglio generale allargato della Cisl Milano che si terr\u00e0 domani, gioved\u00ec 6 novembre, a Loano presso il residence Loano 2 Village di via degli Alpini 6. <\/p>\n<p>Ai lavori prender\u00e0 parte anche il segretario generale del sindacato la genovese Annamaria Furlan, eletta lo scorso ottobre. <\/p>\n<p>Alle ore 16.30 verranno presentati i risultati del sondaggio eseguito su tutto il territorio nazionale commissionato da Job editrice &#8220;Gli italiani e il sindacato&#8221;, incentrato sulla conoscenza degli italiani in merito alle attivit\u00e0 dei sindacati, l&#8217;opinione sui ruoli e i coinvolgimenti degli stessi nei processi decisionali degli enti e delle aziende, e altro ancora.<\/p>\n","protected":false},"excerpt":{"rendered":"<p>Loano. Avr\u00e0 come tema &#8220;Al lavoro per il lavoro, i sentieri della Cisl&#8221; il consiglio generale allargato della Cisl Milano che si terr\u00e0 domani, gioved\u00ec 6 novembre, a Loano presso il residence Loano 2 Village di via degli Alpini 6. Ai lavori prender\u00e0 parte anche il segretario generale del sindacato la genovese Annamaria Furlan, eletta [&hellip;]<\/p>\n","protected":false},"author":11917,"featured_media":0,"comment_status":"open","ping_status":"closed","sticky":false,"template":"","format":"standard","meta":{"footnotes":""},"categories":[34],"tags":[2361,85827],"class_list":["post-276836","post","type-post","status-publish","format-standard","hentry","category-cronaca","tag-cisl","tag-loano","post_cat_citta-loano"],"amp_validity":null,"amp_enabled":true,"_links":{"self":[{"href":"https:\/\/staging.ivg.it\/ediapi\/wp\/v2\/posts\/276836","targetHints":{"allow":["GET"]}}],"collection":[{"href":"https:\/\/staging.ivg.it\/ediapi\/wp\/v2\/posts"}],"about":[{"href":"https:\/\/staging.ivg.it\/ediapi\/wp\/v2\/types\/post"}],"author":[{"embeddable":true,"href":"https:\/\/staging.ivg.it\/ediapi\/wp\/v2\/users\/11917"}],"replies":[{"embeddable":true,"href":"https:\/\/staging.ivg.it\/ediapi\/wp\/v2\/comments?post=276836"}],"version-history":[{"count":0,"href":"https:\/\/staging.ivg.it\/ediapi\/wp\/v2\/posts\/276836\/revisions"}],"wp:attachment":[{"href":"https:\/\/staging.ivg.it\/ediapi\/wp\/v2\/media?parent=276836"}],"wp:term":[{"taxonomy":"category","embeddable":true,"href":"https:\/\/staging.ivg.it\/ediapi\/wp\/v2\/categories?post=276836"},{"taxonomy":"post_tag","embeddable":true,"href":"https:\/\/staging.ivg.it\/ediapi\/wp\/v2\/tags?post=276836"}],"curies":[{"name":"wp","href":"https:\/\/api.w.org\/{rel}","templated":true}]}}