{"id":276808,"date":"2014-11-05T14:35:21","date_gmt":"2014-11-05T13:35:21","guid":{"rendered":"http:\/\/www.ivg.it\/?p=276808"},"modified":"2014-11-06T08:19:46","modified_gmt":"2014-11-06T07:19:46","slug":"meteo-liguria-cala-lallerta-sul-savonese-riaprono-le-scuole","status":"publish","type":"post","link":"https:\/\/staging.ivg.it\/2014\/11\/meteo-liguria-cala-lallerta-sul-savonese-riaprono-le-scuole\/","title":{"rendered":"Meteo Liguria, cala l&#8217;allerta sul savonese: riaprono le scuole"},"content":{"rendered":"<p><strong>Provincia.<\/strong> Nuovo aggiornamento sulla situazione meteo in Liguria e sui conseguenti stati di allerta.<br \/>\nSulla base della nuova situazione meteorologica, e dello stato del territorio \u00e8 stato confermata l&#8217; allerta 2  fino alle 18.00 di oggi nei Bacini Marittimi  di Ponente che comprendono le  province di Imperia e Savona fino a Noli compreso. Nella stessa zona, per\u00f2, dalle 18.00 fino alle 23.59 di oggi 5 novembre si passa in allerta 1 e dalle 00.00 alle 15 di gioved\u00ec 6 novembre si passer\u00e0 alla criticit\u00e0 ordinaria.<\/p>\n<p>Nei Bacini Padani di ponente che comprendono le Valli Bormida e Stura rimane lo stato di allerta 2 fino alle 23.59 di oggi e di allerta 1 dalla mezzanotte alle 15 di gioved\u00ec 6 novembre.<\/p>\n<p>Confermata l&#8217;allerta 1 e prolungata fino alle 15 di gioved\u00ec 6 novembre per la zona del levante savonese. In provincia di Savona si va cos\u00ec verso la riapertura delle scuole, che domani svolgeranno regolare servizio. <\/p>\n<p>Rimane l&#8217;allerta 2 fino a domani alle 15 nei bacini liguri di Levante che comprendono il Tigullio, la Val Fontanabuona e tutto il Levante Ligure fino alla Spezia, comprese le Valli Magra e Vara.<\/p>\n<p>Intanto, comunica Arpal, il fronte della perturbazione ha raggiunto la Liguria e continuer\u00e0 ad apportare precipitazioni significative su tutto il territorio con ancora fenomeni temporaleschi forti e organizzati. La struttura proseguir\u00e0 molto lentamente il suo moto verso est nel corso delle prossime ore, con un parziale indebolimento dei fenomeni a ponente a partire dal pomeriggio. Tuttavia la nostra regione continuer\u00e0 a essere interessata da condizioni di instabilit\u00e0 anche marcata almeno fino a tutta la mattinata di domani. Per domani si prevede una diffusa residua instabilit\u00e0 con precipitazioni sparse generalmente deboli o moderate a carattere di rovescio o temporale; possibili fenomeni di forte intensit\u00e0, pi\u00f9 probabili nella prima parte della giornata. Un possibile nuovo peggioramento con piogge diffuse \u00e8 atteso da domenica.<\/p>\n","protected":false},"excerpt":{"rendered":"<p>Provincia. Nuovo aggiornamento sulla situazione meteo in Liguria e sui conseguenti stati di allerta. Sulla base della nuova situazione meteorologica, e dello stato del territorio \u00e8 stato confermata l&#8217; allerta 2 fino alle 18.00 di oggi nei Bacini Marittimi di Ponente che comprendono le province di Imperia e Savona fino a Noli compreso. Nella stessa [&hellip;]<\/p>\n","protected":false},"author":13744,"featured_media":0,"comment_status":"open","ping_status":"closed","sticky":false,"template":"","format":"standard","meta":{"footnotes":""},"categories":[45296],"tags":[3144,393,651,677,85850,689],"class_list":["post-276808","post","type-post","status-publish","format-standard","hentry","category-copertina","tag-allerta-meteo","tag-liguria","tag-maltempo","tag-protezione-civile","tag-savona","tag-scuole"],"amp_validity":null,"amp_enabled":true,"_links":{"self":[{"href":"https:\/\/staging.ivg.it\/ediapi\/wp\/v2\/posts\/276808","targetHints":{"allow":["GET"]}}],"collection":[{"href":"https:\/\/staging.ivg.it\/ediapi\/wp\/v2\/posts"}],"about":[{"href":"https:\/\/staging.ivg.it\/ediapi\/wp\/v2\/types\/post"}],"author":[{"embeddable":true,"href":"https:\/\/staging.ivg.it\/ediapi\/wp\/v2\/users\/13744"}],"replies":[{"embeddable":true,"href":"https:\/\/staging.ivg.it\/ediapi\/wp\/v2\/comments?post=276808"}],"version-history":[{"count":0,"href":"https:\/\/staging.ivg.it\/ediapi\/wp\/v2\/posts\/276808\/revisions"}],"wp:attachment":[{"href":"https:\/\/staging.ivg.it\/ediapi\/wp\/v2\/media?parent=276808"}],"wp:term":[{"taxonomy":"category","embeddable":true,"href":"https:\/\/staging.ivg.it\/ediapi\/wp\/v2\/categories?post=276808"},{"taxonomy":"post_tag","embeddable":true,"href":"https:\/\/staging.ivg.it\/ediapi\/wp\/v2\/tags?post=276808"}],"curies":[{"name":"wp","href":"https:\/\/api.w.org\/{rel}","templated":true}]}}