{"id":276800,"date":"2014-11-05T13:48:44","date_gmt":"2014-11-05T12:48:44","guid":{"rendered":"http:\/\/www.ivg.it\/?p=276800"},"modified":"2014-11-06T10:07:23","modified_gmt":"2014-11-06T09:07:23","slug":"tirreno-power-venerdi-7-novembre-manifestazione-sotto-il-ministero-dellambiente","status":"publish","type":"post","link":"https:\/\/staging.ivg.it\/2014\/11\/tirreno-power-venerdi-7-novembre-manifestazione-sotto-il-ministero-dellambiente\/","title":{"rendered":"Tirreno Power: venerd\u00ec 7 novembre manifestazione sotto il ministero dell&#8217;Ambiente"},"content":{"rendered":"<p><strong>Vado Ligure.<\/strong> Questa volta tocca al Ministero dell&#8217;Ambiente &#8220;battere un colpo&#8221;. E&#8217; l&#8217;auspicio dei lavoratori di Tirreno Power che venerd\u00ec prossimo, 7 novembre, manifesteranno sotto la sede del dicastero. La vicenda della centrale elettrica, infatti, \u00e8 ancora lontana dal chiudersi. &#8220;Ieri &#8211; spiegano Filctem-Cgil, Flaei-Cisl e Uiltec-Uil &#8211; con l&#8217;accordo sui contratti di solidariet\u00e0 si \u00e8 concluso il percorso sindacale per la gestione dei 315 esuberi dichiarati dalla Societ\u00e0 lo scorso giugno&#8221;.<\/p>\n<p>Un sospiro di sollievo nel breve periodo, ma l&#8217;incognita riguarda il futuro. &#8220;Le prescrizioni sui limiti di emissione contenute nel &#8220;Parere Istruttorio Conclusivo&#8221; emesso dal Ministero dell&#8217;Ambiente &#8211; continuano i sindacati &#8211; contengono modalit\u00e0 e tempi di attuazione non percorribili. Continuiamo a non capire come sia possibile, stante le positive misurazioni della qualit\u00e0 dell&#8217;aria, come i Ministeri dell&#8217;Ambiente e dello Sviluppo Economico fatichino a trovare una soluzione per la riapertura della centrale&#8221;.<\/p>\n<p>La mancata ripartenza dei gruppi a carbone, insomma, &#8220;metterebbe in serio pericolo la sussistenza dell&#8217;intera Societ\u00e0&#8221;. Tutti a Roma, allora, per chiedere un incontro al ministro galletti e finalmente  &#8220;capire le ragioni vere di questo &#8220;mistero&#8221;: occorre pretendere la massima trasparenza riguardo le vere motivazioni circa il fermo della Centrale di Vado Ligure&#8221;.<\/p>\n","protected":false},"excerpt":{"rendered":"<p>Vado Ligure. Questa volta tocca al Ministero dell&#8217;Ambiente &#8220;battere un colpo&#8221;. E&#8217; l&#8217;auspicio dei lavoratori di Tirreno Power che venerd\u00ec prossimo, 7 novembre, manifesteranno sotto la sede del dicastero. La vicenda della centrale elettrica, infatti, \u00e8 ancora lontana dal chiudersi. &#8220;Ieri &#8211; spiegano Filctem-Cgil, Flaei-Cisl e Uiltec-Uil &#8211; con l&#8217;accordo sui contratti di solidariet\u00e0 si [&hellip;]<\/p>\n","protected":false},"author":13744,"featured_media":0,"comment_status":"open","ping_status":"closed","sticky":false,"template":"","format":"standard","meta":{"footnotes":""},"categories":[45296,35],"tags":[669,15572,3931,85979],"class_list":["post-276800","post","type-post","status-publish","format-standard","hentry","category-copertina","category-economia","tag-manifestazione","tag-ministero-dellambiente","tag-tirreno-power","tag-vado-ligure","post_cat_citta-vado-ligure"],"amp_validity":null,"amp_enabled":true,"_links":{"self":[{"href":"https:\/\/staging.ivg.it\/ediapi\/wp\/v2\/posts\/276800","targetHints":{"allow":["GET"]}}],"collection":[{"href":"https:\/\/staging.ivg.it\/ediapi\/wp\/v2\/posts"}],"about":[{"href":"https:\/\/staging.ivg.it\/ediapi\/wp\/v2\/types\/post"}],"author":[{"embeddable":true,"href":"https:\/\/staging.ivg.it\/ediapi\/wp\/v2\/users\/13744"}],"replies":[{"embeddable":true,"href":"https:\/\/staging.ivg.it\/ediapi\/wp\/v2\/comments?post=276800"}],"version-history":[{"count":0,"href":"https:\/\/staging.ivg.it\/ediapi\/wp\/v2\/posts\/276800\/revisions"}],"wp:attachment":[{"href":"https:\/\/staging.ivg.it\/ediapi\/wp\/v2\/media?parent=276800"}],"wp:term":[{"taxonomy":"category","embeddable":true,"href":"https:\/\/staging.ivg.it\/ediapi\/wp\/v2\/categories?post=276800"},{"taxonomy":"post_tag","embeddable":true,"href":"https:\/\/staging.ivg.it\/ediapi\/wp\/v2\/tags?post=276800"}],"curies":[{"name":"wp","href":"https:\/\/api.w.org\/{rel}","templated":true}]}}