{"id":276547,"date":"2014-11-03T08:38:32","date_gmt":"2014-11-03T07:38:32","guid":{"rendered":"http:\/\/www.ivg.it\/?p=276547"},"modified":"2014-11-03T14:22:48","modified_gmt":"2014-11-03T13:22:48","slug":"auto-si-ribalta-sulla-a10-nessun-ferito-ma-code-tra-varazze-e-arenzano","status":"publish","type":"post","link":"https:\/\/staging.ivg.it\/2014\/11\/auto-si-ribalta-sulla-a10-nessun-ferito-ma-code-tra-varazze-e-arenzano\/","title":{"rendered":"Auto si ribalta sulla A10, nessun ferito ma code tra Varazze e Arenzano"},"content":{"rendered":"<p><strong>Varazze.<\/strong> Luned\u00ec mattina difficile per i pendolari: un incidente verificatosi poco dopo le 8 ha bloccato per quasi un&#8217;ora l&#8217;autostrada A10 in direzione Genova.<\/p>\n<p>Un&#8217;auto, per cause ancora da accertare, si \u00e8 ribaltata tra Varazze e Arenzano. Fortunatamente il conducente \u00e8 uscito illeso dall&#8217;incidente, ma l&#8217;auto danneggiata ha impedito il regolare transito delle auto verso il capoluogo ligure.<\/p>\n<p>Sul posto sono giunte un&#8217;ambulanza della Croce Rossa di Varazze (il cui intervento come detto non si \u00e8 poi rivelato necessario) e una squadra dei vigili del fuoco. La situazione \u00e8 tornata alla normalit\u00e0 poco prima delle 9.<\/p>\n","protected":false},"excerpt":{"rendered":"<p>Varazze. Luned\u00ec mattina difficile per i pendolari: un incidente verificatosi poco dopo le 8 ha bloccato per quasi un&#8217;ora l&#8217;autostrada A10 in direzione Genova. Un&#8217;auto, per cause ancora da accertare, si \u00e8 ribaltata tra Varazze e Arenzano. Fortunatamente il conducente \u00e8 uscito illeso dall&#8217;incidente, ma l&#8217;auto danneggiata ha impedito il regolare transito delle auto verso [&hellip;]<\/p>\n","protected":false},"author":10593,"featured_media":0,"comment_status":"open","ping_status":"closed","sticky":false,"template":"","format":"standard","meta":{"footnotes":""},"categories":[45296,34],"tags":[789,4036,55143,590,309,85868],"class_list":["post-276547","post","type-post","status-publish","format-standard","hentry","category-copertina","category-cronaca","tag-a10","tag-arenzano","tag-auto-ribaltata","tag-autostrada","tag-incidente","tag-varazze","post_cat_citta-varazze"],"amp_validity":null,"amp_enabled":true,"_links":{"self":[{"href":"https:\/\/staging.ivg.it\/ediapi\/wp\/v2\/posts\/276547","targetHints":{"allow":["GET"]}}],"collection":[{"href":"https:\/\/staging.ivg.it\/ediapi\/wp\/v2\/posts"}],"about":[{"href":"https:\/\/staging.ivg.it\/ediapi\/wp\/v2\/types\/post"}],"author":[{"embeddable":true,"href":"https:\/\/staging.ivg.it\/ediapi\/wp\/v2\/users\/10593"}],"replies":[{"embeddable":true,"href":"https:\/\/staging.ivg.it\/ediapi\/wp\/v2\/comments?post=276547"}],"version-history":[{"count":0,"href":"https:\/\/staging.ivg.it\/ediapi\/wp\/v2\/posts\/276547\/revisions"}],"wp:attachment":[{"href":"https:\/\/staging.ivg.it\/ediapi\/wp\/v2\/media?parent=276547"}],"wp:term":[{"taxonomy":"category","embeddable":true,"href":"https:\/\/staging.ivg.it\/ediapi\/wp\/v2\/categories?post=276547"},{"taxonomy":"post_tag","embeddable":true,"href":"https:\/\/staging.ivg.it\/ediapi\/wp\/v2\/tags?post=276547"}],"curies":[{"name":"wp","href":"https:\/\/api.w.org\/{rel}","templated":true}]}}