{"id":276324,"date":"2014-10-30T11:03:25","date_gmt":"2014-10-30T10:03:25","guid":{"rendered":"http:\/\/www.ivg.it\/?p=276324"},"modified":"2014-10-30T19:17:32","modified_gmt":"2014-10-30T18:17:32","slug":"carcare-tombolata-alla-pro-loco-per-gli-alluvionati-genovesi-raccolti-820-euro","status":"publish","type":"post","link":"https:\/\/staging.ivg.it\/2014\/10\/carcare-tombolata-alla-pro-loco-per-gli-alluvionati-genovesi-raccolti-820-euro\/","title":{"rendered":"Carcare, tombolata alla Pro Loco per gli alluvionati genovesi: raccolti 820 euro"},"content":{"rendered":"<p><strong>Carcare<\/strong>. E&#8217; di 820 euro il ricavato della Tombolata benefica che si \u00e8 svolta ieri sera alla Soms, organizzata dalla Pro loco di Carcare. Molte le persone che si sono unite agli habitu\u00e9 del consueto appuntamento del mercoled\u00ec per dare un piccolo ma significativo contributo ad una causa davvero importante: risollevare il capoluogo ligure dopo i disastri della recente alluvione.<\/p>\n<p>Presente una rappresentanza degli &#8220;angeli del fango&#8221; carcaresi, i quali hanno raccontato la loro esperienza commuovendo per la loro semplicit\u00e0 e il loro buon cuore. Come spiega la presidentessa dell&#8217;associazione carcarese, &#8220;l&#8217;incasso sar\u00e0 versato sul conto appositamente acceso della Tesoreria comunale di Genova Iban It 08T02008 01459 000100880807, a favore delle attivit\u00e0 economiche&#8221;.<\/p>\n<p>&#8220;Ci sono infatti interi quartieri dove l&#8217;acqua e il fango hanno devastato negozi e punti di riferimento dei genovesi, e per questo, seppur in piccola misura, vogliamo sostenere i commercianti, il lavoro di tanti giovani e gli sforzi di una vita di numerosi operatori del settore. Ringrazio chi ha risposto all&#8217;invito della tombolata, d&#8217;altronde divertirsi aiutando i meno fortunati \u00e8 un grande privilegio&#8221; conclude la presidentessa della Pro Loco.<\/p>\n","protected":false},"excerpt":{"rendered":"<p>Carcare. E&#8217; di 820 euro il ricavato della Tombolata benefica che si \u00e8 svolta ieri sera alla Soms, organizzata dalla Pro loco di Carcare. Molte le persone che si sono unite agli habitu\u00e9 del consueto appuntamento del mercoled\u00ec per dare un piccolo ma significativo contributo ad una causa davvero importante: risollevare il capoluogo ligure dopo [&hellip;]<\/p>\n","protected":false},"author":10659,"featured_media":0,"comment_status":"open","ping_status":"closed","sticky":false,"template":"","format":"standard","meta":{"footnotes":""},"categories":[45296],"tags":[58550,85852,36998],"class_list":["post-276324","post","type-post","status-publish","format-standard","hentry","category-copertina","tag-alluvione-genova","tag-carcare","tag-tombolata","post_cat_citta-carcare"],"amp_validity":null,"amp_enabled":true,"_links":{"self":[{"href":"https:\/\/staging.ivg.it\/ediapi\/wp\/v2\/posts\/276324","targetHints":{"allow":["GET"]}}],"collection":[{"href":"https:\/\/staging.ivg.it\/ediapi\/wp\/v2\/posts"}],"about":[{"href":"https:\/\/staging.ivg.it\/ediapi\/wp\/v2\/types\/post"}],"author":[{"embeddable":true,"href":"https:\/\/staging.ivg.it\/ediapi\/wp\/v2\/users\/10659"}],"replies":[{"embeddable":true,"href":"https:\/\/staging.ivg.it\/ediapi\/wp\/v2\/comments?post=276324"}],"version-history":[{"count":0,"href":"https:\/\/staging.ivg.it\/ediapi\/wp\/v2\/posts\/276324\/revisions"}],"wp:attachment":[{"href":"https:\/\/staging.ivg.it\/ediapi\/wp\/v2\/media?parent=276324"}],"wp:term":[{"taxonomy":"category","embeddable":true,"href":"https:\/\/staging.ivg.it\/ediapi\/wp\/v2\/categories?post=276324"},{"taxonomy":"post_tag","embeddable":true,"href":"https:\/\/staging.ivg.it\/ediapi\/wp\/v2\/tags?post=276324"}],"curies":[{"name":"wp","href":"https:\/\/api.w.org\/{rel}","templated":true}]}}